{"id":44115,"date":"2024-07-23T14:48:08","date_gmt":"2024-07-23T14:48:08","guid":{"rendered":"https:\/\/radionuble.cl\/v1\/?p=44115"},"modified":"2024-07-23T14:48:08","modified_gmt":"2024-07-23T14:48:08","slug":"la-udi-apuesta-por-joaquin-lavin-para-gobernador-regional-en-nuble","status":"publish","type":"post","link":"https:\/\/radionuble.cl\/v1\/2024\/07\/23\/la-udi-apuesta-por-joaquin-lavin-para-gobernador-regional-en-nuble\/","title":{"rendered":"La UDI apuesta por Joaqu\u00edn Lav\u00edn para Gobernador Regional en \u00d1uble"},"content":{"rendered":"<p>La posibilidad de que Joaqu\u00edn Lav\u00edn sea candidato a Gobernador Regional en \u00d1uble es cada vez m\u00e1s inminente.<\/p>\n<p>Isabel Troncoso, presidenta regional de la UDI, confirm\u00f3 que durante el \u00faltimo Consejo Regional de \u00d1uble se discutieron diversas opciones para la candidatura a gobernador, entre las cuales surgi\u00f3 la figura de Lav\u00edn.<\/p>\n<p>Troncoso explic\u00f3 que en la reuni\u00f3n se aprobaron tres candidatos para gobernadores, aunque no especific\u00f3 nombres, y se facult\u00f3 a la directiva nacional para buscar nuevas alternativas.<\/p>\n<p>\u201cAs\u00ed es como aparece la carta de Joaqu\u00edn Lav\u00edn\u201d, se\u00f1al\u00f3 Troncoso, destacando que la regi\u00f3n de \u00d1uble, siendo joven y a\u00fan en proceso de consolidaci\u00f3n, necesita figuras que impulsen su desarrollo.<\/p>\n<p>La presidenta regional enfatiz\u00f3 que \u00d1uble no ha recibido la atenci\u00f3n adecuada a nivel nacional, mencionando la falta de cobertura de cargos p\u00fablicos importantes y la situaci\u00f3n irregular del Delegado Presidencial durante siete meses. \u201cHay muy poca consideraci\u00f3n con nuestra regi\u00f3n\u201d, afirm\u00f3.<\/p>\n<p>Troncoso destac\u00f3 que la inclusi\u00f3n de Lav\u00edn como candidato podr\u00eda ser una soluci\u00f3n a estas problem\u00e1ticas, considerando su experiencia y capacidad para generar un \u201cdespegue\u201d en t\u00e9rminos econ\u00f3micos y de empleo.<\/p>\n<p>\u201cLav\u00edn es una excelente carta para que nuestra regi\u00f3n tenga un despegue a nivel de econom\u00eda, a nivel de trabajo, a todo nivel\u201d, asegur\u00f3.<\/p>\n<p>Respecto a las dudas sobre la residencia de Lav\u00edn en la regi\u00f3n, Troncoso aclar\u00f3 que si bien su direcci\u00f3n electoral no est\u00e1 en Portezuelo, Lav\u00edn tiene una casa en dicha comuna, al igual que su familia.<\/p>\n<p>\u201cSu direcci\u00f3n electoral es una cosa, pero el domicilio es otra. \u00c9l tiene su casa en la comuna de Portezuelo, as\u00ed como la tiene su padre y el resto de su familia\u201d, explic\u00f3.<\/p>\n<p>Finalmente, la presidenta regional de la UDI indic\u00f3 que est\u00e1n a la espera de una decisi\u00f3n definitiva por parte de Santiago y de la aceptaci\u00f3n de Joaqu\u00edn Lav\u00edn para esta propuesta.<\/p>\n<p>\u201cPensamos que es una buena alternativa y estamos a la espera de que Santiago decida y Joaqu\u00edn Lav\u00edn acepte esta proposici\u00f3n\u201d, concluy\u00f3 Troncoso.<\/p>\n<p>La candidatura de Lav\u00edn, de concretarse, podr\u00eda marcar un hito importante en la pol\u00edtica regional de \u00d1uble, aportando una figura de renombre nacional al escenario local y potencialmente impulsando el desarrollo y la visibilidad de la regi\u00f3n.<\/p>\n","protected":false},"excerpt":{"rendered":"<p>La posibilidad de que Joaqu\u00edn Lav\u00edn sea candidato a Gobernador Regional en \u00d1uble es cada vez m\u00e1s inminente. Isabel Troncoso, presidenta regional de la UDI, confirm\u00f3 que durante el \u00faltimo Consejo Regional de \u00d1uble se discutieron diversas opciones para la candidatura a gobernador, entre las cuales surgi\u00f3 la figura de Lav\u00edn. Troncoso explic\u00f3 que en &hellip;<\/p>\n","protected":false},"author":1,"featured_media":0,"comment_status":"open","ping_status":"open","sticky":false,"template":"","format":"standard","meta":{"footnotes":""},"categories":[25],"tags":[],"class_list":["post-44115","post","type-post","status-publish","format-standard","hentry","category-nuble"],"_links":{"self":[{"href":"https:\/\/radionuble.cl\/v1\/wp-json\/wp\/v2\/posts\/44115","targetHints":{"allow":["GET"]}}],"collection":[{"href":"https:\/\/radionuble.cl\/v1\/wp-json\/wp\/v2\/posts"}],"about":[{"href":"https:\/\/radionuble.cl\/v1\/wp-json\/wp\/v2\/types\/post"}],"author":[{"embeddable":true,"href":"https:\/\/radionuble.cl\/v1\/wp-json\/wp\/v2\/users\/1"}],"replies":[{"embeddable":true,"href":"https:\/\/radionuble.cl\/v1\/wp-json\/wp\/v2\/comments?post=44115"}],"version-history":[{"count":1,"href":"https:\/\/radionuble.cl\/v1\/wp-json\/wp\/v2\/posts\/44115\/revisions"}],"predecessor-version":[{"id":44117,"href":"https:\/\/radionuble.cl\/v1\/wp-json\/wp\/v2\/posts\/44115\/revisions\/44117"}],"wp:attachment":[{"href":"https:\/\/radionuble.cl\/v1\/wp-json\/wp\/v2\/media?parent=44115"}],"wp:term":[{"taxonomy":"category","embeddable":true,"href":"https:\/\/radionuble.cl\/v1\/wp-json\/wp\/v2\/categories?post=44115"},{"taxonomy":"post_tag","embeddable":true,"href":"https:\/\/radionuble.cl\/v1\/wp-json\/wp\/v2\/tags?post=44115"}],"curies":[{"name":"wp","href":"https:\/\/api.w.org\/{rel}","templated":true}]}}