{"id":44681,"date":"2024-09-02T19:32:32","date_gmt":"2024-09-02T19:32:32","guid":{"rendered":"https:\/\/radionuble.cl\/v1\/?p=44681"},"modified":"2024-09-02T19:32:32","modified_gmt":"2024-09-02T19:32:32","slug":"gobierno-amplia-subsidio-electrico-mas-de-45-millones-de-hogares-seran-beneficiados","status":"publish","type":"post","link":"https:\/\/radionuble.cl\/v1\/2024\/09\/02\/gobierno-amplia-subsidio-electrico-mas-de-45-millones-de-hogares-seran-beneficiados\/","title":{"rendered":"Gobierno Ampl\u00eda Subsidio El\u00e9ctrico: M\u00e1s de 4,5 Millones de Hogares Ser\u00e1n Beneficiados"},"content":{"rendered":"<p>El ministro de Energ\u00eda, Diego Pardow, detall\u00f3 este lunes en ADN Hoy el nuevo proyecto de ley del Gobierno que busca ampliar el subsidio el\u00e9ctrico tras los recientes cortes masivos de luz en la zona centro-sur de Chile.<\/p>\n<p>La medida, que inicialmente cubr\u00eda a 1,6 millones de hogares, ahora se expandir\u00e1 a m\u00e1s de 4,5 millones de familias en todo el pa\u00eds.<\/p>\n<p>\u201cPostularon cerca de un mill\u00f3n seiscientos mil personas y pr\u00e1cticamente la totalidad de ellas, al 98%, fueron adjudicadas\u201d, explic\u00f3 el ministro, destacando el \u00e9xito del primer proceso de postulaci\u00f3n realizado en julio y agosto.<\/p>\n<p>El proyecto de ley, presentado con \u201cdiscusi\u00f3n inmediata\u201d al Congreso, tiene como objetivo asegurar que m\u00e1s familias, especialmente aquellas que han sufrido cortes prolongados de electricidad, puedan beneficiarse del subsidio. \u201cQueremos triplicar su alcance y su cobertura\u201d, a\u00f1adi\u00f3 Pardow.<\/p>\n<p>El secretario de Estado tambi\u00e9n abord\u00f3 algunos desaf\u00edos en la implementaci\u00f3n del beneficio, como problemas de morosidad entre algunos postulantes.<\/p>\n<p>Sin embargo, resalt\u00f3 que la gran mayor\u00eda de los solicitantes, el 98%, recibieron el subsidio, y que este se reflejar\u00e1 en las cuentas de electricidad a partir del 10 de septiembre para aquellos con facturas electr\u00f3nicas, y despu\u00e9s del 18 de septiembre para las cuentas f\u00edsicas.<\/p>\n<p>Finalmente, Pardow subray\u00f3 la colaboraci\u00f3n entre el Gobierno y los municipios, que ha sido clave para facilitar el acceso al subsidio, especialmente en zonas rurales y entre personas de la tercera edad.<\/p>\n<p>\u201cM\u00e1s de la mitad de los hogares beneficiarios tienen un adulto mayor y un n\u00famero importante son rurales\u201d, concluy\u00f3.<\/p>\n","protected":false},"excerpt":{"rendered":"<p>El ministro de Energ\u00eda, Diego Pardow, detall\u00f3 este lunes en ADN Hoy el nuevo proyecto de ley del Gobierno que busca ampliar el subsidio el\u00e9ctrico tras los recientes cortes masivos de luz en la zona centro-sur de Chile. La medida, que inicialmente cubr\u00eda a 1,6 millones de hogares, ahora se expandir\u00e1 a m\u00e1s de 4,5 &hellip;<\/p>\n","protected":false},"author":1,"featured_media":0,"comment_status":"open","ping_status":"open","sticky":false,"template":"","format":"standard","meta":{"footnotes":""},"categories":[26],"tags":[],"class_list":["post-44681","post","type-post","status-publish","format-standard","hentry","category-pais"],"_links":{"self":[{"href":"https:\/\/radionuble.cl\/v1\/wp-json\/wp\/v2\/posts\/44681","targetHints":{"allow":["GET"]}}],"collection":[{"href":"https:\/\/radionuble.cl\/v1\/wp-json\/wp\/v2\/posts"}],"about":[{"href":"https:\/\/radionuble.cl\/v1\/wp-json\/wp\/v2\/types\/post"}],"author":[{"embeddable":true,"href":"https:\/\/radionuble.cl\/v1\/wp-json\/wp\/v2\/users\/1"}],"replies":[{"embeddable":true,"href":"https:\/\/radionuble.cl\/v1\/wp-json\/wp\/v2\/comments?post=44681"}],"version-history":[{"count":1,"href":"https:\/\/radionuble.cl\/v1\/wp-json\/wp\/v2\/posts\/44681\/revisions"}],"predecessor-version":[{"id":44682,"href":"https:\/\/radionuble.cl\/v1\/wp-json\/wp\/v2\/posts\/44681\/revisions\/44682"}],"wp:attachment":[{"href":"https:\/\/radionuble.cl\/v1\/wp-json\/wp\/v2\/media?parent=44681"}],"wp:term":[{"taxonomy":"category","embeddable":true,"href":"https:\/\/radionuble.cl\/v1\/wp-json\/wp\/v2\/categories?post=44681"},{"taxonomy":"post_tag","embeddable":true,"href":"https:\/\/radionuble.cl\/v1\/wp-json\/wp\/v2\/tags?post=44681"}],"curies":[{"name":"wp","href":"https:\/\/api.w.org\/{rel}","templated":true}]}}