{"id":45029,"date":"2024-10-11T19:19:36","date_gmt":"2024-10-11T19:19:36","guid":{"rendered":"https:\/\/radionuble.cl\/v1\/?p=45029"},"modified":"2024-10-11T19:19:36","modified_gmt":"2024-10-11T19:19:36","slug":"se-suspende-el-desfile-asi-fue-el-insolito-aniversario-de-pueblo-seco-con-lluvia","status":"publish","type":"post","link":"https:\/\/radionuble.cl\/v1\/2024\/10\/11\/se-suspende-el-desfile-asi-fue-el-insolito-aniversario-de-pueblo-seco-con-lluvia\/","title":{"rendered":"\u00abSe suspende el desfile\u00bb: As\u00ed fue el ins\u00f3lito aniversario de Pueblo Seco con lluvia"},"content":{"rendered":"<p>Una ins\u00f3lita situaci\u00f3n tuvo lugar este viernes en la localidad de Pueblo Seco, San Ignacio.<\/p>\n<p>y es que al parecer las autoridades no consideraron las inclemencias del tiempo a la hora de programar el aniversario de la localidad, que consider\u00f3 un desfile c\u00edvico.<\/p>\n<p>Sin embargo, y mientras el desfile estaba en pleno desarrollo, la lluvia oblig\u00f3 a suspender la marcha de los estudiantes que a esa hora transitaban frente a la tribuna de honor.<\/p>\n<p>En el registro, difundido por la Radio Motiva FM, se puede ver c\u00f3mo la descoordinaci\u00f3n se apoder\u00f3 de la ceremonia y las autoridades no decid\u00edan si terminar o no con el desfile.<\/p>\n<p>Esto mientras una intensa lluvia ca\u00eda sobre Pueblo Seco.<\/p>\n<p><iframe loading=\"lazy\" src=\"https:\/\/www.facebook.com\/plugins\/video.php?height=314&#038;href=https%3A%2F%2Fwww.facebook.com%2Fradiomotivacl%2Fvideos%2F1085045943218415%2F&#038;show_text=false&#038;width=560&#038;t=0\" width=\"560\" height=\"314\" style=\"border:none;overflow:hidden\" scrolling=\"no\" frameborder=\"0\" allowfullscreen=\"true\" allow=\"autoplay; clipboard-write; encrypted-media; picture-in-picture; web-share\" allowFullScreen=\"true\"><\/iframe><\/p>\n","protected":false},"excerpt":{"rendered":"<p>Una ins\u00f3lita situaci\u00f3n tuvo lugar este viernes en la localidad de Pueblo Seco, San Ignacio. y es que al parecer las autoridades no consideraron las inclemencias del tiempo a la hora de programar el aniversario de la localidad, que consider\u00f3 un desfile c\u00edvico. Sin embargo, y mientras el desfile estaba en pleno desarrollo, la lluvia &hellip;<\/p>\n","protected":false},"author":1,"featured_media":0,"comment_status":"open","ping_status":"open","sticky":false,"template":"","format":"standard","meta":{"footnotes":""},"categories":[25],"tags":[],"class_list":["post-45029","post","type-post","status-publish","format-standard","hentry","category-nuble"],"_links":{"self":[{"href":"https:\/\/radionuble.cl\/v1\/wp-json\/wp\/v2\/posts\/45029","targetHints":{"allow":["GET"]}}],"collection":[{"href":"https:\/\/radionuble.cl\/v1\/wp-json\/wp\/v2\/posts"}],"about":[{"href":"https:\/\/radionuble.cl\/v1\/wp-json\/wp\/v2\/types\/post"}],"author":[{"embeddable":true,"href":"https:\/\/radionuble.cl\/v1\/wp-json\/wp\/v2\/users\/1"}],"replies":[{"embeddable":true,"href":"https:\/\/radionuble.cl\/v1\/wp-json\/wp\/v2\/comments?post=45029"}],"version-history":[{"count":1,"href":"https:\/\/radionuble.cl\/v1\/wp-json\/wp\/v2\/posts\/45029\/revisions"}],"predecessor-version":[{"id":45031,"href":"https:\/\/radionuble.cl\/v1\/wp-json\/wp\/v2\/posts\/45029\/revisions\/45031"}],"wp:attachment":[{"href":"https:\/\/radionuble.cl\/v1\/wp-json\/wp\/v2\/media?parent=45029"}],"wp:term":[{"taxonomy":"category","embeddable":true,"href":"https:\/\/radionuble.cl\/v1\/wp-json\/wp\/v2\/categories?post=45029"},{"taxonomy":"post_tag","embeddable":true,"href":"https:\/\/radionuble.cl\/v1\/wp-json\/wp\/v2\/tags?post=45029"}],"curies":[{"name":"wp","href":"https:\/\/api.w.org\/{rel}","templated":true}]}}