{"id":45270,"date":"2024-10-30T17:02:23","date_gmt":"2024-10-30T17:02:23","guid":{"rendered":"https:\/\/radionuble.cl\/v1\/?p=45270"},"modified":"2024-10-30T17:02:23","modified_gmt":"2024-10-30T17:02:23","slug":"profesores-de-nuble-apoyan-propuesta-para-reparar-la-deuda-historica","status":"publish","type":"post","link":"https:\/\/radionuble.cl\/v1\/2024\/10\/30\/profesores-de-nuble-apoyan-propuesta-para-reparar-la-deuda-historica\/","title":{"rendered":"Profesores de \u00d1uble apoyan propuesta para reparar la \u00abDeuda Hist\u00f3rica\u00bb"},"content":{"rendered":"<p>Este lunes y martes se realiz\u00f3 una consulta organizada por el Colegio de Profesores de Chile, dirigida a los docentes afectados por la deuda hist\u00f3rica, para evaluar su postura frente a la propuesta de reparaci\u00f3n presentada por el gobierno. <\/p>\n<p>Manuel Ch\u00e1vez, presidente del Colegio de Profesores de \u00d1uble, explic\u00f3 que esta deuda corresponde al traspaso de profesores a las municipalidades entre 1981 y 1987, generando un perjuicio econ\u00f3mico y moral para miles de docentes en el pa\u00eds.<\/p>\n<p>Los resultados de la consulta indican que de los 27,211 votos recibidos, el 82.04% de los participantes manifestaron estar de acuerdo con la propuesta del gobierno, mientras que un 17.76% expres\u00f3 su desacuerdo. <\/p>\n<p>Este respaldo mayoritario refleja el apoyo general hacia el acuerdo, aunque Ch\u00e1vez se\u00f1ala que este no implica una satisfacci\u00f3n completa, ya que persisten cr\u00edticas en cuanto a los recursos asignados y los plazos propuestos para materializar la reparaci\u00f3n.<\/p>\n<audio class=\"wp-audio-shortcode\" id=\"audio-45270-1\" preload=\"none\" style=\"width: 100%;\" controls=\"controls\"><source type=\"audio\/mpeg\" src=\"https:\/\/radiocontacto.cl\/wp-content\/uploads\/2024\/10\/CUNA-ENCUESTA-CHAVEZ.mp3?_=1\" \/><a href=\"https:\/\/radiocontacto.cl\/wp-content\/uploads\/2024\/10\/CUNA-ENCUESTA-CHAVEZ.mp3\">https:\/\/radiocontacto.cl\/wp-content\/uploads\/2024\/10\/CUNA-ENCUESTA-CHAVEZ.mp3<\/a><\/audio>\n<p>En este contexto, el Colegio de Profesores tiene la intenci\u00f3n de llevar esta situaci\u00f3n al Congreso, esperando que los parlamentarios, tanto senadores como diputados, puedan negociar mejoras con el gobierno. <\/p>\n<p>Ch\u00e1vez hizo un llamado especial a los parlamentarios de la zona, mencionando que la reforma tributaria rechazada anteriormente podr\u00eda haber facilitado mayores recursos para una propuesta m\u00e1s generosa. <\/p>\n<p>Por lo tanto, exhort\u00f3 a los legisladores a comprometerse en futuras reformas que otorguen al Estado los recursos necesarios para abordar esta y otras demandas sociales importantes para la poblaci\u00f3n.<\/p>\n","protected":false},"excerpt":{"rendered":"<p>Este lunes y martes se realiz\u00f3 una consulta organizada por el Colegio de Profesores de Chile, dirigida a los docentes afectados por la deuda hist\u00f3rica, para evaluar su postura frente a la propuesta de reparaci\u00f3n presentada por el gobierno. Manuel Ch\u00e1vez, presidente del Colegio de Profesores de \u00d1uble, explic\u00f3 que esta deuda corresponde al traspaso &hellip;<\/p>\n","protected":false},"author":1,"featured_media":0,"comment_status":"open","ping_status":"open","sticky":false,"template":"","format":"standard","meta":{"footnotes":""},"categories":[24],"tags":[],"class_list":["post-45270","post","type-post","status-publish","format-standard","hentry","category-chillan"],"_links":{"self":[{"href":"https:\/\/radionuble.cl\/v1\/wp-json\/wp\/v2\/posts\/45270","targetHints":{"allow":["GET"]}}],"collection":[{"href":"https:\/\/radionuble.cl\/v1\/wp-json\/wp\/v2\/posts"}],"about":[{"href":"https:\/\/radionuble.cl\/v1\/wp-json\/wp\/v2\/types\/post"}],"author":[{"embeddable":true,"href":"https:\/\/radionuble.cl\/v1\/wp-json\/wp\/v2\/users\/1"}],"replies":[{"embeddable":true,"href":"https:\/\/radionuble.cl\/v1\/wp-json\/wp\/v2\/comments?post=45270"}],"version-history":[{"count":1,"href":"https:\/\/radionuble.cl\/v1\/wp-json\/wp\/v2\/posts\/45270\/revisions"}],"predecessor-version":[{"id":45271,"href":"https:\/\/radionuble.cl\/v1\/wp-json\/wp\/v2\/posts\/45270\/revisions\/45271"}],"wp:attachment":[{"href":"https:\/\/radionuble.cl\/v1\/wp-json\/wp\/v2\/media?parent=45270"}],"wp:term":[{"taxonomy":"category","embeddable":true,"href":"https:\/\/radionuble.cl\/v1\/wp-json\/wp\/v2\/categories?post=45270"},{"taxonomy":"post_tag","embeddable":true,"href":"https:\/\/radionuble.cl\/v1\/wp-json\/wp\/v2\/tags?post=45270"}],"curies":[{"name":"wp","href":"https:\/\/api.w.org\/{rel}","templated":true}]}}