{"id":45983,"date":"2024-12-20T18:24:38","date_gmt":"2024-12-20T18:24:38","guid":{"rendered":"https:\/\/radionuble.cl\/v1\/?p=45983"},"modified":"2024-12-20T18:25:25","modified_gmt":"2024-12-20T18:25:25","slug":"presidente-escucha-a-alcaldes-de-nuble-petitorio-de-la-provincia-del-itata-destaca-necesidades-viales-y-de-conectividad","status":"publish","type":"post","link":"https:\/\/radionuble.cl\/v1\/2024\/12\/20\/presidente-escucha-a-alcaldes-de-nuble-petitorio-de-la-provincia-del-itata-destaca-necesidades-viales-y-de-conectividad\/","title":{"rendered":"Presidente escucha a alcaldes de \u00d1uble: Petitorio de la provincia del Itata destaca necesidades viales y de conectividad"},"content":{"rendered":"<p>En una reuni\u00f3n celebrada ayer, el presidente Gabriel Boric sostuvo un encuentro con los alcaldes de la regi\u00f3n de \u00d1uble, quienes entregaron un petitorio que pone \u00e9nfasis en la conectividad y las mejoras viales, especialmente en las comunas rurales de la provincia del Itata. <\/p>\n<p>Los alcaldes, como Nicol\u00e1s Torres de R\u00e1nquil y Eduardo Redlich de Quirihue, destacaron la urgencia de atenci\u00f3n a los problemas espec\u00edficos de sus territorios, que a\u00fan enfrentan desaf\u00edos en infraestructura y servicios b\u00e1sicos.<\/p>\n<p>Nicol\u00e1s Torres, alcalde de R\u00e1nquil, calific\u00f3 la jornada como \u00abmuy satisfactoria\u00bb, se\u00f1alando que se discutieron diversos temas clave como salud, educaci\u00f3n y, en particular, la conectividad. <\/p>\n<p>El edil expres\u00f3 su satisfacci\u00f3n por la retroalimentaci\u00f3n positiva recibida y destac\u00f3 que la provincia del Itata, con un 70% de su territorio rural, requiere un \u00abplan especial y efectivo\u00bb que contemple recursos adicionales para enfrentar sus desaf\u00edos. <\/p>\n<audio class=\"wp-audio-shortcode\" id=\"audio-45983-1\" preload=\"none\" style=\"width: 100%;\" controls=\"controls\"><source type=\"audio\/mpeg\" src=\"https:\/\/radiocontacto.cl\/wp-content\/uploads\/2024\/12\/CUNA-REUNION-TORRES.mp3?_=1\" \/><a href=\"https:\/\/radiocontacto.cl\/wp-content\/uploads\/2024\/12\/CUNA-REUNION-TORRES.mp3\">https:\/\/radiocontacto.cl\/wp-content\/uploads\/2024\/12\/CUNA-REUNION-TORRES.mp3<\/a><\/audio>\n<p>Por su parte, Eduardo Redlich, alcalde de Quirihue, detall\u00f3 el petitorio entregado al presidente Boric, donde se incluyeron necesidades cr\u00edticas para mejorar la calidad de vida de los habitantes de su comuna.<\/p>\n<p>Adem\u00e1s, solicit\u00f3 al presidente Boric apoyo para la compra de terrenos privados y la pavimentaci\u00f3n de la ruta N-16, que conecta Quirihue con San Carlos, vital para el acceso y desarrollo de los sectores rurales.<\/p>\n<audio class=\"wp-audio-shortcode\" id=\"audio-45983-2\" preload=\"none\" style=\"width: 100%;\" controls=\"controls\"><source type=\"audio\/mpeg\" src=\"https:\/\/radiocontacto.cl\/wp-content\/uploads\/2024\/12\/CUNA-REUNION-REDLICH.mp3?_=2\" \/><a href=\"https:\/\/radiocontacto.cl\/wp-content\/uploads\/2024\/12\/CUNA-REUNION-REDLICH.mp3\">https:\/\/radiocontacto.cl\/wp-content\/uploads\/2024\/12\/CUNA-REUNION-REDLICH.mp3<\/a><\/audio>\n<p>La reuni\u00f3n fue una jornada de trabajo productiva, seg\u00fan los alcaldes, quienes resaltaron la buena voluntad del gobierno para avanzar en los proyectos solicitados y mejorar la calidad de vida en los sectores m\u00e1s alejados de la regi\u00f3n.<\/p>\n","protected":false},"excerpt":{"rendered":"<p>En una reuni\u00f3n celebrada ayer, el presidente Gabriel Boric sostuvo un encuentro con los alcaldes de la regi\u00f3n de \u00d1uble, quienes entregaron un petitorio que pone \u00e9nfasis en la conectividad y las mejoras viales, especialmente en las comunas rurales de la provincia del Itata. Los alcaldes, como Nicol\u00e1s Torres de R\u00e1nquil y Eduardo Redlich de &hellip;<\/p>\n","protected":false},"author":1,"featured_media":0,"comment_status":"open","ping_status":"open","sticky":false,"template":"","format":"standard","meta":{"footnotes":""},"categories":[25],"tags":[],"class_list":["post-45983","post","type-post","status-publish","format-standard","hentry","category-nuble"],"_links":{"self":[{"href":"https:\/\/radionuble.cl\/v1\/wp-json\/wp\/v2\/posts\/45983","targetHints":{"allow":["GET"]}}],"collection":[{"href":"https:\/\/radionuble.cl\/v1\/wp-json\/wp\/v2\/posts"}],"about":[{"href":"https:\/\/radionuble.cl\/v1\/wp-json\/wp\/v2\/types\/post"}],"author":[{"embeddable":true,"href":"https:\/\/radionuble.cl\/v1\/wp-json\/wp\/v2\/users\/1"}],"replies":[{"embeddable":true,"href":"https:\/\/radionuble.cl\/v1\/wp-json\/wp\/v2\/comments?post=45983"}],"version-history":[{"count":1,"href":"https:\/\/radionuble.cl\/v1\/wp-json\/wp\/v2\/posts\/45983\/revisions"}],"predecessor-version":[{"id":45985,"href":"https:\/\/radionuble.cl\/v1\/wp-json\/wp\/v2\/posts\/45983\/revisions\/45985"}],"wp:attachment":[{"href":"https:\/\/radionuble.cl\/v1\/wp-json\/wp\/v2\/media?parent=45983"}],"wp:term":[{"taxonomy":"category","embeddable":true,"href":"https:\/\/radionuble.cl\/v1\/wp-json\/wp\/v2\/categories?post=45983"},{"taxonomy":"post_tag","embeddable":true,"href":"https:\/\/radionuble.cl\/v1\/wp-json\/wp\/v2\/tags?post=45983"}],"curies":[{"name":"wp","href":"https:\/\/api.w.org\/{rel}","templated":true}]}}