{"id":46116,"date":"2025-01-10T17:15:30","date_gmt":"2025-01-10T17:15:30","guid":{"rendered":"https:\/\/radionuble.cl\/v1\/?p=46116"},"modified":"2025-01-10T17:15:30","modified_gmt":"2025-01-10T17:15:30","slug":"seremi-de-obras-publicas-de-nuble-proyecta-triplicar-empleos-en-el-sector-durante-2025","status":"publish","type":"post","link":"https:\/\/radionuble.cl\/v1\/2025\/01\/10\/seremi-de-obras-publicas-de-nuble-proyecta-triplicar-empleos-en-el-sector-durante-2025\/","title":{"rendered":"Seremi de Obras P\u00fablicas de \u00d1uble proyecta triplicar empleos en el sector durante 2025"},"content":{"rendered":"<p>Este jueves, el nuevo seremi de Obras P\u00fablicas de \u00d1uble, Freddy Jelves, sostuvo su primera reuni\u00f3n con la C\u00e1mara Chilena de la Construcci\u00f3n (CChC) regional, encabezada por su presidente Sebasti\u00e1n Godoy, para planificar las inversiones y proyectos de infraestructura previstos para el a\u00f1o 2025.<\/p>\n<p>Sebasti\u00e1n Godoy destac\u00f3 la experiencia del seremi como una garant\u00eda para la ejecuci\u00f3n eficiente de los proyectos en curso. <\/p>\n<p>\u201cComentamos los principales desaf\u00edos de la regi\u00f3n y c\u00f3mo trabajar juntos para impulsar el desarrollo econ\u00f3mico y laboral. Destacamos el aumento de caminos pavimentados, que pasaron de 60 a 140 kil\u00f3metros, adem\u00e1s de avances en agua potable rural y obras portuarias. Tambi\u00e9n revisamos proyectos clave como el embalse Punilla, la infraestructura de la Ruta 5 y el desarrollo de concesiones\u201d, indic\u00f3.<\/p>\n<p>Por su parte, el seremi Fredy Jelves subray\u00f3 la importancia de esta colaboraci\u00f3n. <\/p>\n<p>\u201cHemos ejecutado casi el 100% del presupuesto 2024, y para 2025 proyectamos un salto significativo en generaci\u00f3n de empleo, pasando de 2.000 a m\u00e1s de 6.000 puestos de trabajo. Esto incluye obras directas del MOP, concesiones y contratos con empresas locales. Queremos que el trabajo y los beneficios queden en \u00d1uble\u201d, asegur\u00f3.<\/p>\n<p>Ambos l\u00edderes coincidieron en la relevancia de dinamizar la econom\u00eda regional a trav\u00e9s de la infraestructura, priorizando la mano de obra local y fortaleciendo la alianza p\u00fablico-privada. <\/p>\n<p>\u201cEl sector construcci\u00f3n es clave para el desarrollo de \u00d1uble, y este crecimiento en empleos traer\u00e1 beneficios directos a miles de familias\u201d, concluy\u00f3 Jelves.<\/p>\n<p>La reuni\u00f3n marca un hito en la planificaci\u00f3n conjunta entre el Gobierno Regional y la CChC, estableciendo una hoja de ruta ambiciosa para el desarrollo econ\u00f3mico y social de \u00d1uble.<\/p>\n","protected":false},"excerpt":{"rendered":"<p>Este jueves, el nuevo seremi de Obras P\u00fablicas de \u00d1uble, Freddy Jelves, sostuvo su primera reuni\u00f3n con la C\u00e1mara Chilena de la Construcci\u00f3n (CChC) regional, encabezada por su presidente Sebasti\u00e1n Godoy, para planificar las inversiones y proyectos de infraestructura previstos para el a\u00f1o 2025. Sebasti\u00e1n Godoy destac\u00f3 la experiencia del seremi como una garant\u00eda para &hellip;<\/p>\n","protected":false},"author":1,"featured_media":0,"comment_status":"open","ping_status":"open","sticky":false,"template":"","format":"standard","meta":{"footnotes":""},"categories":[25],"tags":[],"class_list":["post-46116","post","type-post","status-publish","format-standard","hentry","category-nuble"],"_links":{"self":[{"href":"https:\/\/radionuble.cl\/v1\/wp-json\/wp\/v2\/posts\/46116","targetHints":{"allow":["GET"]}}],"collection":[{"href":"https:\/\/radionuble.cl\/v1\/wp-json\/wp\/v2\/posts"}],"about":[{"href":"https:\/\/radionuble.cl\/v1\/wp-json\/wp\/v2\/types\/post"}],"author":[{"embeddable":true,"href":"https:\/\/radionuble.cl\/v1\/wp-json\/wp\/v2\/users\/1"}],"replies":[{"embeddable":true,"href":"https:\/\/radionuble.cl\/v1\/wp-json\/wp\/v2\/comments?post=46116"}],"version-history":[{"count":1,"href":"https:\/\/radionuble.cl\/v1\/wp-json\/wp\/v2\/posts\/46116\/revisions"}],"predecessor-version":[{"id":46117,"href":"https:\/\/radionuble.cl\/v1\/wp-json\/wp\/v2\/posts\/46116\/revisions\/46117"}],"wp:attachment":[{"href":"https:\/\/radionuble.cl\/v1\/wp-json\/wp\/v2\/media?parent=46116"}],"wp:term":[{"taxonomy":"category","embeddable":true,"href":"https:\/\/radionuble.cl\/v1\/wp-json\/wp\/v2\/categories?post=46116"},{"taxonomy":"post_tag","embeddable":true,"href":"https:\/\/radionuble.cl\/v1\/wp-json\/wp\/v2\/tags?post=46116"}],"curies":[{"name":"wp","href":"https:\/\/api.w.org\/{rel}","templated":true}]}}