{"id":46555,"date":"2025-02-26T13:43:03","date_gmt":"2025-02-26T13:43:03","guid":{"rendered":"https:\/\/radionuble.cl\/v1\/?p=46555"},"modified":"2025-02-26T13:43:03","modified_gmt":"2025-02-26T13:43:03","slug":"encuentran-con-vida-a-nina-desaparecida-en-estacion-central","status":"publish","type":"post","link":"https:\/\/radionuble.cl\/v1\/2025\/02\/26\/encuentran-con-vida-a-nina-desaparecida-en-estacion-central\/","title":{"rendered":"Encuentran con vida a ni\u00f1a desaparecida en Estaci\u00f3n Central"},"content":{"rendered":"<p>Tras casi dos semanas de incertidumbre, la menor de 13 a\u00f1os que estaba desaparecida desde el 14 de febrero fue hallada con vida en la comuna de Renca. <\/p>\n<p>La informaci\u00f3n fue confirmada por Carabineros, aunque sin precisar si hay personas detenidas en relaci\u00f3n con el caso.<\/p>\n<p>Durante su desaparici\u00f3n, la ni\u00f1a, identificada con las iniciales I.A.A., fue vista en distintas ocasiones junto a adultos. Uno de ellos la llev\u00f3 a un parque acu\u00e1tico en Pe\u00f1aflor, donde fue reconocida por un testigo. <\/p>\n<p>Posteriormente, se confirm\u00f3 que en la estaci\u00f3n Cal y Canto del Metro fue entregada a un tatuador, quien la llev\u00f3 hasta su lugar de trabajo.<\/p>\n<p>Las circunstancias en las que fue encontrada y su estado de salud a\u00fan no han sido revelados. <\/p>\n<p>La Fiscal\u00eda evaluar\u00e1 durante la jornada la entrega de m\u00e1s antecedentes, ya que la investigaci\u00f3n hab\u00eda sido declarada reservada.<\/p>\n","protected":false},"excerpt":{"rendered":"<p>Tras casi dos semanas de incertidumbre, la menor de 13 a\u00f1os que estaba desaparecida desde el 14 de febrero fue hallada con vida en la comuna de Renca. La informaci\u00f3n fue confirmada por Carabineros, aunque sin precisar si hay personas detenidas en relaci\u00f3n con el caso. Durante su desaparici\u00f3n, la ni\u00f1a, identificada con las iniciales &hellip;<\/p>\n","protected":false},"author":1,"featured_media":0,"comment_status":"open","ping_status":"open","sticky":false,"template":"","format":"standard","meta":{"footnotes":""},"categories":[26],"tags":[],"class_list":["post-46555","post","type-post","status-publish","format-standard","hentry","category-pais"],"_links":{"self":[{"href":"https:\/\/radionuble.cl\/v1\/wp-json\/wp\/v2\/posts\/46555","targetHints":{"allow":["GET"]}}],"collection":[{"href":"https:\/\/radionuble.cl\/v1\/wp-json\/wp\/v2\/posts"}],"about":[{"href":"https:\/\/radionuble.cl\/v1\/wp-json\/wp\/v2\/types\/post"}],"author":[{"embeddable":true,"href":"https:\/\/radionuble.cl\/v1\/wp-json\/wp\/v2\/users\/1"}],"replies":[{"embeddable":true,"href":"https:\/\/radionuble.cl\/v1\/wp-json\/wp\/v2\/comments?post=46555"}],"version-history":[{"count":1,"href":"https:\/\/radionuble.cl\/v1\/wp-json\/wp\/v2\/posts\/46555\/revisions"}],"predecessor-version":[{"id":46557,"href":"https:\/\/radionuble.cl\/v1\/wp-json\/wp\/v2\/posts\/46555\/revisions\/46557"}],"wp:attachment":[{"href":"https:\/\/radionuble.cl\/v1\/wp-json\/wp\/v2\/media?parent=46555"}],"wp:term":[{"taxonomy":"category","embeddable":true,"href":"https:\/\/radionuble.cl\/v1\/wp-json\/wp\/v2\/categories?post=46555"},{"taxonomy":"post_tag","embeddable":true,"href":"https:\/\/radionuble.cl\/v1\/wp-json\/wp\/v2\/tags?post=46555"}],"curies":[{"name":"wp","href":"https:\/\/api.w.org\/{rel}","templated":true}]}}