{"id":46576,"date":"2025-02-27T13:09:08","date_gmt":"2025-02-27T13:09:08","guid":{"rendered":"https:\/\/radionuble.cl\/v1\/?p=46576"},"modified":"2025-02-27T13:09:08","modified_gmt":"2025-02-27T13:09:08","slug":"oferta-laboral-18","status":"publish","type":"post","link":"https:\/\/radionuble.cl\/v1\/2025\/02\/27\/oferta-laboral-18\/","title":{"rendered":"Oferta laboral"},"content":{"rendered":"<p>Se necesita contratar asesora del hogar para labores de casa y cuidado de adulto mayor, s\u00f3lo para d\u00edas s\u00e1bado y domingo en horario de 08.30 a 18.00 horas. Llamar al celular 9 7978 5185.-<\/p>\n","protected":false},"excerpt":{"rendered":"<p>Se necesita contratar asesora del hogar para labores de casa y cuidado de adulto mayor, s\u00f3lo para d\u00edas s\u00e1bado y domingo en horario de 08.30 a 18.00 horas. Llamar al celular 9 7978 5185.-<\/p>\n","protected":false},"author":3,"featured_media":0,"comment_status":"open","ping_status":"open","sticky":false,"template":"","format":"standard","meta":{"footnotes":""},"categories":[1],"tags":[],"class_list":["post-46576","post","type-post","status-publish","format-standard","hentry","category-uncategorized"],"_links":{"self":[{"href":"https:\/\/radionuble.cl\/v1\/wp-json\/wp\/v2\/posts\/46576","targetHints":{"allow":["GET"]}}],"collection":[{"href":"https:\/\/radionuble.cl\/v1\/wp-json\/wp\/v2\/posts"}],"about":[{"href":"https:\/\/radionuble.cl\/v1\/wp-json\/wp\/v2\/types\/post"}],"author":[{"embeddable":true,"href":"https:\/\/radionuble.cl\/v1\/wp-json\/wp\/v2\/users\/3"}],"replies":[{"embeddable":true,"href":"https:\/\/radionuble.cl\/v1\/wp-json\/wp\/v2\/comments?post=46576"}],"version-history":[{"count":1,"href":"https:\/\/radionuble.cl\/v1\/wp-json\/wp\/v2\/posts\/46576\/revisions"}],"predecessor-version":[{"id":46577,"href":"https:\/\/radionuble.cl\/v1\/wp-json\/wp\/v2\/posts\/46576\/revisions\/46577"}],"wp:attachment":[{"href":"https:\/\/radionuble.cl\/v1\/wp-json\/wp\/v2\/media?parent=46576"}],"wp:term":[{"taxonomy":"category","embeddable":true,"href":"https:\/\/radionuble.cl\/v1\/wp-json\/wp\/v2\/categories?post=46576"},{"taxonomy":"post_tag","embeddable":true,"href":"https:\/\/radionuble.cl\/v1\/wp-json\/wp\/v2\/tags?post=46576"}],"curies":[{"name":"wp","href":"https:\/\/api.w.org\/{rel}","templated":true}]}}