{"id":46985,"date":"2025-04-09T16:40:43","date_gmt":"2025-04-09T16:40:43","guid":{"rendered":"https:\/\/radionuble.cl\/v1\/?p=46985"},"modified":"2025-04-09T16:40:43","modified_gmt":"2025-04-09T16:40:43","slug":"gendarmeria-realizo-gran-operativo-de-seguridad-en-penal-de-chillan","status":"publish","type":"post","link":"https:\/\/radionuble.cl\/v1\/2025\/04\/09\/gendarmeria-realizo-gran-operativo-de-seguridad-en-penal-de-chillan\/","title":{"rendered":"Gendarmer\u00eda realiz\u00f3 gran operativo de seguridad en penal de Chill\u00e1n"},"content":{"rendered":"<p style=\"font-weight: 400;\">Enmarcado en los planes de seguridad penitenciaria liderados por el Ministerio de Justicia y DDHH en conjunto con Gendarmer\u00eda de Chile, se realiz\u00f3 un exhaustivo allanamiento general en el Centro de Cumplimiento Penitenciario de Chill\u00e1n, oportunidad donde se incautaron una serie de armas artesanales, celulares y droga.<\/p>\n<p style=\"font-weight: 400;\">El operativo realizado la tarde del martes, fue supervisado en terreno por el Seremi de Justicia y DDHH, Cristopher Reyes B\u00f3rquez y la Directora Regional (s) de Gendarmer\u00eda, Coronel Emylyn Ib\u00e1\u00f1ez Gonz\u00e1lez, que cont\u00f3 con la participaci\u00f3n de la Unidad de Servicios Especiales Penitenciarios (USEP); Equipo de Canes Adiestrados (ECA); personal de refuerzo de la Direcci\u00f3n Regional y unidades dependientes, adem\u00e1s del propio personal de la unidad penal.<br \/>\nEl Seremi de Justicia y DDHH, Cristopher Reyes, resalt\u00f3 el gran despliegue del personal de Gendarmer\u00eda En tanto la Directora Regional (s) de Gendarmer\u00eda, Coronel Emylyn Ib\u00e1\u00f1ez, felicit\u00f3 a todos los funcionarios y funcionarias que participaron del procedimiento por su gran profesionalismo, entrega y compromiso.<\/p>\n<p style=\"font-weight: 400;\">\u00abLos funcionarios y funcionarias de Gendarmer\u00eda de Chile est\u00e1n muy comprometidos con la seguridad en los penales de la regi\u00f3n y a trav\u00e9s de este operativo sorpresa, se logr\u00f3 la incautaci\u00f3n de una gran cantidad de celulares, droga y armas artesanales, que sin duda entrega mayor seguridad a los funcionarios que desempe\u00f1an funciones en el recinto, como tambi\u00e9n a los propios internos, por lo cual fue completamente exitoso\u00bb, finaliz\u00f3 el coronel.\u00a0El resultado \u00a0del registro y allanamiento extraordinario logr\u00f3 la incautaci\u00f3n de 55 tel\u00e9fonos celulares, m\u00e1s de 30 armas blancas y droga, esta \u00faltima con an\u00e1lisis y pesaje a cargo de la Polic\u00eda de Investigaciones por instrucci\u00f3n directa del Ministerio P\u00fablico.<\/p>\n","protected":false},"excerpt":{"rendered":"<p>Enmarcado en los planes de seguridad penitenciaria liderados por el Ministerio de Justicia y DDHH en conjunto con Gendarmer\u00eda de Chile, se realiz\u00f3 un exhaustivo allanamiento general en el Centro de Cumplimiento Penitenciario de Chill\u00e1n, oportunidad donde se incautaron una serie de armas artesanales, celulares y droga. El operativo realizado la tarde del martes, fue &hellip;<\/p>\n","protected":false},"author":2,"featured_media":46986,"comment_status":"open","ping_status":"open","sticky":false,"template":"","format":"standard","meta":{"footnotes":""},"categories":[24],"tags":[],"class_list":["post-46985","post","type-post","status-publish","format-standard","has-post-thumbnail","hentry","category-chillan"],"_links":{"self":[{"href":"https:\/\/radionuble.cl\/v1\/wp-json\/wp\/v2\/posts\/46985","targetHints":{"allow":["GET"]}}],"collection":[{"href":"https:\/\/radionuble.cl\/v1\/wp-json\/wp\/v2\/posts"}],"about":[{"href":"https:\/\/radionuble.cl\/v1\/wp-json\/wp\/v2\/types\/post"}],"author":[{"embeddable":true,"href":"https:\/\/radionuble.cl\/v1\/wp-json\/wp\/v2\/users\/2"}],"replies":[{"embeddable":true,"href":"https:\/\/radionuble.cl\/v1\/wp-json\/wp\/v2\/comments?post=46985"}],"version-history":[{"count":1,"href":"https:\/\/radionuble.cl\/v1\/wp-json\/wp\/v2\/posts\/46985\/revisions"}],"predecessor-version":[{"id":46987,"href":"https:\/\/radionuble.cl\/v1\/wp-json\/wp\/v2\/posts\/46985\/revisions\/46987"}],"wp:featuredmedia":[{"embeddable":true,"href":"https:\/\/radionuble.cl\/v1\/wp-json\/wp\/v2\/media\/46986"}],"wp:attachment":[{"href":"https:\/\/radionuble.cl\/v1\/wp-json\/wp\/v2\/media?parent=46985"}],"wp:term":[{"taxonomy":"category","embeddable":true,"href":"https:\/\/radionuble.cl\/v1\/wp-json\/wp\/v2\/categories?post=46985"},{"taxonomy":"post_tag","embeddable":true,"href":"https:\/\/radionuble.cl\/v1\/wp-json\/wp\/v2\/tags?post=46985"}],"curies":[{"name":"wp","href":"https:\/\/api.w.org\/{rel}","templated":true}]}}