{"id":47386,"date":"2025-04-25T03:07:03","date_gmt":"2025-04-25T03:07:03","guid":{"rendered":"https:\/\/radionuble.cl\/v1\/?p=47386"},"modified":"2025-04-25T03:07:03","modified_gmt":"2025-04-25T03:07:03","slug":"santo-tomas-inauguro-el-ano-academico-2025-destacando-eficiencia-institucional","status":"publish","type":"post","link":"https:\/\/radionuble.cl\/v1\/2025\/04\/25\/santo-tomas-inauguro-el-ano-academico-2025-destacando-eficiencia-institucional\/","title":{"rendered":"Santo Tom\u00e1s inaugur\u00f3 el a\u00f1o acad\u00e9mico 2025 destacando eficiencia institucional"},"content":{"rendered":"<p style=\"font-weight: 400;\">La ceremonia, reuni\u00f3 a autoridades, estudiantes y familias, en un emotivo acto que incluy\u00f3 reconocimientos a miembros destacados de la comunidad. El legado de Gabriela Mistral fue protagonista en la clase magistral dictada por el acad\u00e9mico Jorge Rosas<\/p>\n<p style=\"font-weight: 400;\">\n<p style=\"font-weight: 400;\">\u00a0Con la acreditaci\u00f3n del Centro de Formaci\u00f3n T\u00e9cnica en nivel de excelencia y el cumplimiento del 96,2% del plan quinquenal 2019-2023 como tel\u00f3n de fondo, el rector de las instituciones Santo Tom\u00e1s sede Chill\u00e1n, Jos\u00e9 Luis Franco Monta\u00f1a, dio por inaugurado el a\u00f1o acad\u00e9mico 2025, destacando como principal desaf\u00edo la futura acreditaci\u00f3n del Instituto Profesional.<\/p>\n<p style=\"font-weight: 400;\">\u201cDando cumplimiento a la normativa institucional, Santo Tom\u00e1s Chill\u00e1n dio por inaugurado su a\u00f1o acad\u00e9mico 2025, acto en el cual se rindi\u00f3 cuenta de la gesti\u00f3n del a\u00f1o 2024. Tambi\u00e9n se destac\u00f3 la buena administraci\u00f3n de la sede y su eficiencia en los resultados, donde por cada 10 alumnos existe un colaborador\u201d, expres\u00f3 Franco Monta\u00f1a durante su discurso en la ceremonia realizada este martes en el Centro de Eventos Ficus, en la ciudad de Chill\u00e1n.<\/p>\n<p style=\"font-weight: 400;\">La actividad, que reuni\u00f3 a autoridades institucionales, acad\u00e9micos, estudiantes, representantes de organismos p\u00fablicos y privados, adem\u00e1s de familias y comunidad local, estuvo marcada por un ambiente de reflexi\u00f3n, identidad y reconocimiento al esfuerzo colectivo.<\/p>\n<p style=\"font-weight: 400;\">Como parte del programa oficial, se realiz\u00f3 la clase magistral \u201cGabriela: poes\u00eda y educaci\u00f3n\u201d, a cargo del doctor en literatura Jorge Rosas Godoy, quien valor\u00f3 el legado educativo y humanista de Gabriela Mistral, haciendo un llamado a recuperar el sentido de humanidad en la formaci\u00f3n acad\u00e9mica, al asegurar: \u201cGabriela Mistral nos adelantaba fen\u00f3menos que hoy seguimos discutiendo: la educaci\u00f3n como acto esencialmente humano y transformador\u201d, indic\u00f3 Rosas.<\/p>\n<p style=\"font-weight: 400;\">En la misma instancia, se entregaron distinciones a estudiantes, egresados, docentes y colaboradores destacados. Entre ellos, Paula Andrea Sep\u00falveda Valenzuela y Maryoriet Isabel Molina Fuentes recibieron el premio Sello Santo Tom\u00e1s 2025. Asimismo, se destac\u00f3 a los docentes Eduardo Quij\u00f3n Aravena (IP) y Hans Riveaux Mart\u00ednez (CFT), y a los egresados Jaime Gonzalo Nova Bravo y Aileen Millaray Navarrete Soto por sus trayectorias profesionales y vinculaci\u00f3n institucional, y finalmente a Mar\u00eda Pilar Jorquera Venegas (IP) y Paola Andrea Cabrera Guti\u00e9rrez (CFT), quienes fueron reconocidas como colaboradoras del a\u00f1o.<\/p>\n","protected":false},"excerpt":{"rendered":"<p>La ceremonia, reuni\u00f3 a autoridades, estudiantes y familias, en un emotivo acto que incluy\u00f3 reconocimientos a miembros destacados de la comunidad. El legado de Gabriela Mistral fue protagonista en la clase magistral dictada por el acad\u00e9mico Jorge Rosas \u00a0Con la acreditaci\u00f3n del Centro de Formaci\u00f3n T\u00e9cnica en nivel de excelencia y el cumplimiento del 96,2% &hellip;<\/p>\n","protected":false},"author":2,"featured_media":47387,"comment_status":"open","ping_status":"open","sticky":false,"template":"","format":"standard","meta":{"footnotes":""},"categories":[24],"tags":[],"class_list":["post-47386","post","type-post","status-publish","format-standard","has-post-thumbnail","hentry","category-chillan"],"_links":{"self":[{"href":"https:\/\/radionuble.cl\/v1\/wp-json\/wp\/v2\/posts\/47386","targetHints":{"allow":["GET"]}}],"collection":[{"href":"https:\/\/radionuble.cl\/v1\/wp-json\/wp\/v2\/posts"}],"about":[{"href":"https:\/\/radionuble.cl\/v1\/wp-json\/wp\/v2\/types\/post"}],"author":[{"embeddable":true,"href":"https:\/\/radionuble.cl\/v1\/wp-json\/wp\/v2\/users\/2"}],"replies":[{"embeddable":true,"href":"https:\/\/radionuble.cl\/v1\/wp-json\/wp\/v2\/comments?post=47386"}],"version-history":[{"count":1,"href":"https:\/\/radionuble.cl\/v1\/wp-json\/wp\/v2\/posts\/47386\/revisions"}],"predecessor-version":[{"id":47388,"href":"https:\/\/radionuble.cl\/v1\/wp-json\/wp\/v2\/posts\/47386\/revisions\/47388"}],"wp:featuredmedia":[{"embeddable":true,"href":"https:\/\/radionuble.cl\/v1\/wp-json\/wp\/v2\/media\/47387"}],"wp:attachment":[{"href":"https:\/\/radionuble.cl\/v1\/wp-json\/wp\/v2\/media?parent=47386"}],"wp:term":[{"taxonomy":"category","embeddable":true,"href":"https:\/\/radionuble.cl\/v1\/wp-json\/wp\/v2\/categories?post=47386"},{"taxonomy":"post_tag","embeddable":true,"href":"https:\/\/radionuble.cl\/v1\/wp-json\/wp\/v2\/tags?post=47386"}],"curies":[{"name":"wp","href":"https:\/\/api.w.org\/{rel}","templated":true}]}}