{"id":47765,"date":"2025-05-27T18:10:07","date_gmt":"2025-05-27T18:10:07","guid":{"rendered":"https:\/\/radionuble.cl\/v1\/?p=47765"},"modified":"2025-05-27T18:10:07","modified_gmt":"2025-05-27T18:10:07","slug":"nuble-activan-codigo-azul-por-bajas-temperaturas","status":"publish","type":"post","link":"https:\/\/radionuble.cl\/v1\/2025\/05\/27\/nuble-activan-codigo-azul-por-bajas-temperaturas\/","title":{"rendered":"\u00d1UBLE: activan c\u00f3digo azul por bajas temperaturas"},"content":{"rendered":"<p style=\"font-weight: 400;\">La estrategia C\u00f3digo Azul es parte del Plan Protege Calle que impulsa el Ministerio de Desarrollo Social y Familia para resguardar la vida y la salud de las personas en situaci\u00f3n de calle durante los meses m\u00e1s fr\u00edos del a\u00f1o.<\/p>\n<p style=\"font-weight: 400;\">Debido a las bajas temperaturas que se pronostican para la Regi\u00f3n de \u00d1uble, este martes 27 de mayo, a partir de las 17:00 horas y ma\u00f1ana mi\u00e9rcoles, hasta las 13:00 horas, se activar\u00e1 el C\u00f3digo Azul en la comuna de Chill\u00e1n.<br \/>\nAs\u00ed lo inform\u00f3 la seremi de Desarrollo Social y Familia, Marta Carvajal.<br \/>\nLa autoridad agreg\u00f3 que cada activaci\u00f3n considera el despliegue de operativos m\u00f3viles de atenci\u00f3n en calle para ofrecer servicios de alimentaci\u00f3n (desayuno y cena), higiene y abrigo trabajo que se ejecuta junto a la Fundaci\u00f3n Observatorio \u00d1uble.<br \/>\nCabe precisar que esta es la segunda activaci\u00f3n de C\u00f3digo Azul en \u00d1uble, luego de una primera implementaci\u00f3n,\u00a0 el\u00a0 viernes 23 de mayo, cuando se efectuaron 20 atenciones\u00a0 y cuatro traslados hacia albergues.<br \/>\nC\u00f3digo Azul es una estrategia de emergencia que refuerza el Plan Protege Calle y se aplica en comunas con mayores porcentajes de personas en situaci\u00f3n de calle, activ\u00e1ndose con pron\u00f3sticos meteorol\u00f3gicos de temperatura igual o menor a 0\u00ba y menor a 5\u00ba con lluvia y\/o agua nieve. Cada activaci\u00f3n contempla una cobertura para 20 personas<br \/>\nAdicionalmente, el Plan Protege Calle, que considera una inversi\u00f3n superior a $750 millones para la Regi\u00f3n de \u00d1uble, contempla \u00a0el funcionamiento de cinco albergues, tres de los cuales \u00a0est\u00e1n operativos en la ciudad de Chill\u00e1n; una Ruta Social en San Carlos y una Ruta M\u00e9dica \u00a0de 45 d\u00edas de atenci\u00f3n en convenio con el Servicio de Salud \u00d1uble.<\/p>\n","protected":false},"excerpt":{"rendered":"<p>La estrategia C\u00f3digo Azul es parte del Plan Protege Calle que impulsa el Ministerio de Desarrollo Social y Familia para resguardar la vida y la salud de las personas en situaci\u00f3n de calle durante los meses m\u00e1s fr\u00edos del a\u00f1o. Debido a las bajas temperaturas que se pronostican para la Regi\u00f3n de \u00d1uble, este martes &hellip;<\/p>\n","protected":false},"author":2,"featured_media":47766,"comment_status":"open","ping_status":"open","sticky":false,"template":"","format":"standard","meta":{"footnotes":""},"categories":[1],"tags":[],"class_list":["post-47765","post","type-post","status-publish","format-standard","has-post-thumbnail","hentry","category-uncategorized"],"_links":{"self":[{"href":"https:\/\/radionuble.cl\/v1\/wp-json\/wp\/v2\/posts\/47765","targetHints":{"allow":["GET"]}}],"collection":[{"href":"https:\/\/radionuble.cl\/v1\/wp-json\/wp\/v2\/posts"}],"about":[{"href":"https:\/\/radionuble.cl\/v1\/wp-json\/wp\/v2\/types\/post"}],"author":[{"embeddable":true,"href":"https:\/\/radionuble.cl\/v1\/wp-json\/wp\/v2\/users\/2"}],"replies":[{"embeddable":true,"href":"https:\/\/radionuble.cl\/v1\/wp-json\/wp\/v2\/comments?post=47765"}],"version-history":[{"count":1,"href":"https:\/\/radionuble.cl\/v1\/wp-json\/wp\/v2\/posts\/47765\/revisions"}],"predecessor-version":[{"id":47767,"href":"https:\/\/radionuble.cl\/v1\/wp-json\/wp\/v2\/posts\/47765\/revisions\/47767"}],"wp:featuredmedia":[{"embeddable":true,"href":"https:\/\/radionuble.cl\/v1\/wp-json\/wp\/v2\/media\/47766"}],"wp:attachment":[{"href":"https:\/\/radionuble.cl\/v1\/wp-json\/wp\/v2\/media?parent=47765"}],"wp:term":[{"taxonomy":"category","embeddable":true,"href":"https:\/\/radionuble.cl\/v1\/wp-json\/wp\/v2\/categories?post=47765"},{"taxonomy":"post_tag","embeddable":true,"href":"https:\/\/radionuble.cl\/v1\/wp-json\/wp\/v2\/tags?post=47765"}],"curies":[{"name":"wp","href":"https:\/\/api.w.org\/{rel}","templated":true}]}}