{"id":47782,"date":"2025-05-29T16:39:13","date_gmt":"2025-05-29T16:39:13","guid":{"rendered":"https:\/\/radionuble.cl\/v1\/?p=47782"},"modified":"2025-05-29T16:50:39","modified_gmt":"2025-05-29T16:50:39","slug":"punilla-cordillera-proyecta-nuevo-sello-curricular-para-mas-de-11-mil-estudiantes","status":"publish","type":"post","link":"https:\/\/radionuble.cl\/v1\/2025\/05\/29\/punilla-cordillera-proyecta-nuevo-sello-curricular-para-mas-de-11-mil-estudiantes\/","title":{"rendered":"Punilla Cordillera proyecta nuevo sello curricular para m\u00e1s de 11 mil estudiantes"},"content":{"rendered":"<p style=\"font-weight: 400;\">El Servicio Local de Educaci\u00f3n P\u00fablica (SLEP) Punilla Cordillera inici\u00f3 la actualizaci\u00f3n de los Proyectos Educativos Institucionales (PEI) en los 96 establecimientos de su territorio, proceso que marca la hoja de ruta de cada comunidad educativa para los pr\u00f3ximos 5 a\u00f1os, y que busca fortalecer la calidad y pertinencia de la educaci\u00f3n p\u00fablica.<\/p>\n<p style=\"font-weight: 400;\">Los PEI son documento que sirven para que toda la comunidad escolar (directores, profesores, asistentes de la educaci\u00f3n, estudiantes y familias) est\u00e9n al tanto de cu\u00e1les son los objetivos que se quieren alcanzar como Liceo o Escuela, por lo que la actualizaci\u00f3n de estos PEI permitir\u00e1 redefinir la visi\u00f3n, misi\u00f3n y l\u00edneas estrat\u00e9gicas de desarrollo de cada establecimiento, promoviendo una mejora continua y sostenida en los aprendizajes y el bienestar integral de los estudiantes.<br \/>\nAunque todos estos establecimientos est\u00e1n bajo el alero del SLEP Punilla Cordillera, cada PEI es \u00fanico, ya que debe adaptarse a las caracter\u00edsticas, historia y necesidades de cada escuela.<br \/>\nEl proceso contempla la participaci\u00f3n de m\u00e1s de 11 mil estudiantes del territorio, que corresponde al 100% de los establecimientos. Adem\u00e1s, contar\u00e1 con acompa\u00f1amiento t\u00e9cnico, jornadas de trabajo y el aporte de madres, padres y apoderados en el di\u00e1logo, para que cada establecimiento pueda llevar a cabo una actualizaci\u00f3n significativa y coherente con su realidad.<br \/>\nEs importante mencionar que estos documentos estar\u00e1n alineados con el Plan de Estrategia Local (PEL) del SLEP Punilla Cordillera, as\u00ed como tambi\u00e9n con los principios de la Nueva Educaci\u00f3n P\u00fablica, que buscan mejorar la calidad y equidad en la educaci\u00f3n.<br \/>\nDe esta forma. el SLEP Punilla Cordillera refuerza su compromiso con el fortalecimiento del liderazgo pedag\u00f3gico, la participaci\u00f3n activa de las comunidades y la construcci\u00f3n de una educaci\u00f3n p\u00fablica de excelencia, centrada en las necesidades de ni\u00f1os, ni\u00f1as y j\u00f3venes del territorio.<\/p>\n","protected":false},"excerpt":{"rendered":"<p>El Servicio Local de Educaci\u00f3n P\u00fablica (SLEP) Punilla Cordillera inici\u00f3 la actualizaci\u00f3n de los Proyectos Educativos Institucionales (PEI) en los 96 establecimientos de su territorio, proceso que marca la hoja de ruta de cada comunidad educativa para los pr\u00f3ximos 5 a\u00f1os, y que busca fortalecer la calidad y pertinencia de la educaci\u00f3n p\u00fablica. Los PEI &hellip;<\/p>\n","protected":false},"author":2,"featured_media":47794,"comment_status":"open","ping_status":"open","sticky":false,"template":"","format":"standard","meta":{"footnotes":""},"categories":[33,25,1],"tags":[],"class_list":["post-47782","post","type-post","status-publish","format-standard","has-post-thumbnail","hentry","category-noticias","category-nuble","category-uncategorized"],"_links":{"self":[{"href":"https:\/\/radionuble.cl\/v1\/wp-json\/wp\/v2\/posts\/47782","targetHints":{"allow":["GET"]}}],"collection":[{"href":"https:\/\/radionuble.cl\/v1\/wp-json\/wp\/v2\/posts"}],"about":[{"href":"https:\/\/radionuble.cl\/v1\/wp-json\/wp\/v2\/types\/post"}],"author":[{"embeddable":true,"href":"https:\/\/radionuble.cl\/v1\/wp-json\/wp\/v2\/users\/2"}],"replies":[{"embeddable":true,"href":"https:\/\/radionuble.cl\/v1\/wp-json\/wp\/v2\/comments?post=47782"}],"version-history":[{"count":3,"href":"https:\/\/radionuble.cl\/v1\/wp-json\/wp\/v2\/posts\/47782\/revisions"}],"predecessor-version":[{"id":47795,"href":"https:\/\/radionuble.cl\/v1\/wp-json\/wp\/v2\/posts\/47782\/revisions\/47795"}],"wp:featuredmedia":[{"embeddable":true,"href":"https:\/\/radionuble.cl\/v1\/wp-json\/wp\/v2\/media\/47794"}],"wp:attachment":[{"href":"https:\/\/radionuble.cl\/v1\/wp-json\/wp\/v2\/media?parent=47782"}],"wp:term":[{"taxonomy":"category","embeddable":true,"href":"https:\/\/radionuble.cl\/v1\/wp-json\/wp\/v2\/categories?post=47782"},{"taxonomy":"post_tag","embeddable":true,"href":"https:\/\/radionuble.cl\/v1\/wp-json\/wp\/v2\/tags?post=47782"}],"curies":[{"name":"wp","href":"https:\/\/api.w.org\/{rel}","templated":true}]}}