{"id":47902,"date":"2025-06-03T16:40:15","date_gmt":"2025-06-03T16:40:15","guid":{"rendered":"https:\/\/radionuble.cl\/v1\/?p=47902"},"modified":"2025-06-03T20:42:07","modified_gmt":"2025-06-03T20:42:07","slug":"nuble-se-suma-al-paro-de-48-horas-y-a-la-marcha-en-valparaiso-convocado-por-el-colegio-de-profesores","status":"publish","type":"post","link":"https:\/\/radionuble.cl\/v1\/2025\/06\/03\/nuble-se-suma-al-paro-de-48-horas-y-a-la-marcha-en-valparaiso-convocado-por-el-colegio-de-profesores\/","title":{"rendered":"\u00d1UBLE se suma al paro de 48 horas y a la marcha en Valpara\u00edso, convocado por el colegio de profesores."},"content":{"rendered":"<p style=\"font-weight: 400;\">Nuevamente miles de docentes a lo largo de todo Chile paralizar\u00e1n sus funciones, esta vez por 48 horas, debido al nulo avance de su Agenda Corta, negociaci\u00f3n que lleva el Colegio de Profesoras y Profesores con el Ministerio de Educaci\u00f3n.<\/p>\n<p style=\"font-weight: 400;\">Tal como lo anunciaron el pasado 15 de mayo, d\u00eda que realizaron un Paro de Advertencia por 24 horas, continuar\u00edan con acciones ascendentes, en caso de no tener respuestas satisfactorias y como ello no ha sucedido por parte del Mineduc, ahora paralizar\u00e1n por 48 horas este mi\u00e9rcoles 4 y jueves 5 de junio, cuyo acto principal ser\u00e1 una masiva marcha en Valpara\u00edso.<br \/>\nEl Presidente Regional \u00d1uble del Colegio de Profesoras y Profesores, Manuel Ch\u00e1vez, se\u00f1al\u00f3 que la medida de parar se debe a que no hay avances en la Agenda Corta e inst\u00f3 al profesorado de la regi\u00f3n a sumarse al Paro y a la marcha en Valpara\u00edso, ya que cuentan con buses disponibles para llegar a la ciudad puerto.<br \/>\nPara el Dirigente un hito importante \u201cser\u00e1 este 4 y 5 de junio, esperamos soluci\u00f3n para nuestros colegas que est\u00e1n a contrata puedan alcanzar la titularidad, que haya garant\u00edas para ser Profesor Jefe que no sea una carga m\u00e1s sino un beneficio, terminar con el agobio y con tanto papeleo para poder abocarnos a nuestra labor de formaci\u00f3n.\u201d<br \/>\nRecordemos que junto a las conversaciones que han sostenido con el Mineduc, el Directorio Nacional junto a las y los Presidentes Regionales del pa\u00eds entregaron una carta al Presidente Gabriel Boric, solicit\u00e1ndole que se involucre en la tramitaci\u00f3n; realizaron un Paro de Advertencia de 24 horas el 15 de mayo y ahora van por el de 48 horas.<br \/>\n<strong>Los Seis puntos de la denominada Agenda Corta, son<\/strong>:<br \/>\n1.- Nueva Ley de Titularidad: 3 a\u00f1os continuos o 4 discontinuos a contrata con el mismo empleador. Considerar a todos, incluir a todas las funciones docentes.<br \/>\n2.- Carrera Docente: reponer los derechos de Avanzados, Expertos 1 y 2, transparencia correcci\u00f3n portafolios y en los criterios de objeci\u00f3n.<br \/>\n3.- Educaci\u00f3n P\u00fablica: financiamiento basal, traspasos sin deudas previsionales y salariales, respeto de los derechos adquiridos y permitir traslado entre Slep\u00b4s.<br \/>\n4.- Agobio Laboral y\u00a0 Violencia. Disminuci\u00f3n de carga administrativa, efectivo apoyo salud mental, pol\u00edtica efectiva contra agresiones y no al reemplazo en horas no lectivas.<br \/>\n5.- Fortalecimiento del rol del Profesor\/a Jefe.<br \/>\n6.- D\u00eda del Profesor\/a y Calendario Escolar. Calendario escolar ajustado a las particularidades de cada territorio. Recuperaci\u00f3n del derecho del D\u00eda del Docente.<br \/>\nCu\u00f1a Presidente Regional \u00d1uble<br \/>\n<a href=\"https:\/\/youtube.com\/shorts\/ZztpiUnxhT0?si=ol86PirGNnIPv88E\">https:\/\/youtube.com\/shorts\/ZztpiUnxhT0?si=ol86PirGNnIPv88E<\/a><\/p>\n<p style=\"font-weight: 400;\">\n","protected":false},"excerpt":{"rendered":"<p>Nuevamente miles de docentes a lo largo de todo Chile paralizar\u00e1n sus funciones, esta vez por 48 horas, debido al nulo avance de su Agenda Corta, negociaci\u00f3n que lleva el Colegio de Profesoras y Profesores con el Ministerio de Educaci\u00f3n. Tal como lo anunciaron el pasado 15 de mayo, d\u00eda que realizaron un Paro de &hellip;<\/p>\n","protected":false},"author":2,"featured_media":47905,"comment_status":"open","ping_status":"open","sticky":false,"template":"","format":"standard","meta":{"footnotes":""},"categories":[1],"tags":[],"class_list":["post-47902","post","type-post","status-publish","format-standard","has-post-thumbnail","hentry","category-uncategorized"],"_links":{"self":[{"href":"https:\/\/radionuble.cl\/v1\/wp-json\/wp\/v2\/posts\/47902","targetHints":{"allow":["GET"]}}],"collection":[{"href":"https:\/\/radionuble.cl\/v1\/wp-json\/wp\/v2\/posts"}],"about":[{"href":"https:\/\/radionuble.cl\/v1\/wp-json\/wp\/v2\/types\/post"}],"author":[{"embeddable":true,"href":"https:\/\/radionuble.cl\/v1\/wp-json\/wp\/v2\/users\/2"}],"replies":[{"embeddable":true,"href":"https:\/\/radionuble.cl\/v1\/wp-json\/wp\/v2\/comments?post=47902"}],"version-history":[{"count":2,"href":"https:\/\/radionuble.cl\/v1\/wp-json\/wp\/v2\/posts\/47902\/revisions"}],"predecessor-version":[{"id":47907,"href":"https:\/\/radionuble.cl\/v1\/wp-json\/wp\/v2\/posts\/47902\/revisions\/47907"}],"wp:featuredmedia":[{"embeddable":true,"href":"https:\/\/radionuble.cl\/v1\/wp-json\/wp\/v2\/media\/47905"}],"wp:attachment":[{"href":"https:\/\/radionuble.cl\/v1\/wp-json\/wp\/v2\/media?parent=47902"}],"wp:term":[{"taxonomy":"category","embeddable":true,"href":"https:\/\/radionuble.cl\/v1\/wp-json\/wp\/v2\/categories?post=47902"},{"taxonomy":"post_tag","embeddable":true,"href":"https:\/\/radionuble.cl\/v1\/wp-json\/wp\/v2\/tags?post=47902"}],"curies":[{"name":"wp","href":"https:\/\/api.w.org\/{rel}","templated":true}]}}