{"id":47927,"date":"2025-06-04T15:40:27","date_gmt":"2025-06-04T15:40:27","guid":{"rendered":"https:\/\/radionuble.cl\/v1\/?p=47927"},"modified":"2025-06-04T15:40:27","modified_gmt":"2025-06-04T15:40:27","slug":"seremi-de-gobierno-llama-a-estar-atentos-a-la-designacion-de-vocales-de-mesa-para-las-primarias-presidenciales","status":"publish","type":"post","link":"https:\/\/radionuble.cl\/v1\/2025\/06\/04\/seremi-de-gobierno-llama-a-estar-atentos-a-la-designacion-de-vocales-de-mesa-para-las-primarias-presidenciales\/","title":{"rendered":"Seremi de Gobierno llama a estar atentos a la designaci\u00f3n de vocales de mesa para las primarias presidenciales"},"content":{"rendered":"<ul>\n<li style=\"font-weight: 400;\"><em>El pr\u00f3ximo s\u00e1bado 7 de junio se publicar\u00e1n las listas de vocales de mesa, miembros del colegio escrutador y locales de votaci\u00f3n.<\/em><\/li>\n<\/ul>\n<p style=\"font-weight: 400;\">\n<p style=\"font-weight: 400;\">Un llamado a estar atentos e informados sobre las elecciones primarias presidenciales del pr\u00f3ximo 29 de junio realiz\u00f3 la seremi de Gobierno,\u00a0Valentina Pradenas, quien destac\u00f3 que este\u00a0s\u00e1bado 7\u00a0se dar\u00e1n a conocer las n\u00f3minas de\u00a0vocales de mesa,\u00a0miembros de colegios escrutadores\u00a0y\u00a0locales de votaci\u00f3n, informaci\u00f3n clave para la ciudadan\u00eda, ya que el cumplimiento de estas funciones es\u00a0obligatorio por ley.<br \/>\nDesde el pasado\u00a030 de mayo\u00a0se encuentra en curso el\u00a0periodo de propaganda electoral, que se extender\u00e1 hasta el\u00a026 de junio. Durante esta etapa, las campa\u00f1as pueden difundirse a trav\u00e9s de medios de comunicaci\u00f3n, radioemisoras, redes sociales, plataformas digitales, espacios privados con autorizaci\u00f3n y espacios p\u00fablicos debidamente habilitados, de acuerdo con lo establecido en la\u00a0Ley N\u00b0 20.640.<br \/>\nEstas primarias tienen como fin definir a la o el candidato presidencial que representar\u00e1 al pacto\u00a0Unidad por Chile\u00a0en las elecciones de noviembre. A diferencia de esa elecci\u00f3n, en la que el\u00a0voto ser\u00e1 obligatorio, en las primarias el sufragio es\u00a0voluntario, tanto para quienes residen en Chile como en el extranjero.<br \/>\nLa seremi Valentina Pradenas precis\u00f3 que no todas las personas est\u00e1n habilitadas para votar en esta ocasi\u00f3n. \u201cExisten restricciones sobre qui\u00e9nes pueden participar: s\u00f3lo podr\u00e1n votar personas independientes, es decir, no afiliadas a partidos pol\u00edticos, y aquellas afiliadas a partidos que integran el pacto. Por el contrario, no podr\u00e1n sufragar quienes est\u00e9n afiliados a partidos que no participan en estas primarias\u201d, explic\u00f3.<br \/>\nEn cambio, s\u00ed existe\u00a0una obligaci\u00f3n legal para quienes sean convocados como vocales de mesa o miembros de colegios escrutadores. Estas personas ser\u00e1n designadas por las Juntas Electorales y deben cumplir con su funci\u00f3n. Quienes no se presenten, arriesgan multas que van desde las\u00a02 a las 8 UTM, es decir, entre\u00a0$137.000 y m\u00e1s de $549.000.<br \/>\n\u201cEs fundamental que la ciudadan\u00eda revise con atenci\u00f3n la informaci\u00f3n que publicar\u00e1 este s\u00e1bado 7 de junio el Servel. Aunque el voto es voluntario, el cumplimiento de funciones electorales es un\u00a0deber c\u00edvico y legal\u201d, reiter\u00f3 la vocera regional.<br \/>\nFinalmente, se recuerda que para votar es necesario portar la\u00a0c\u00e9dula de identidad o pasaporte, los cuales pueden estar vencidos, siempre que no excedan\u00a0un a\u00f1o desde su fecha de expiraci\u00f3n.<\/p>\n","protected":false},"excerpt":{"rendered":"<p>El pr\u00f3ximo s\u00e1bado 7 de junio se publicar\u00e1n las listas de vocales de mesa, miembros del colegio escrutador y locales de votaci\u00f3n. Un llamado a estar atentos e informados sobre las elecciones primarias presidenciales del pr\u00f3ximo 29 de junio realiz\u00f3 la seremi de Gobierno,\u00a0Valentina Pradenas, quien destac\u00f3 que este\u00a0s\u00e1bado 7\u00a0se dar\u00e1n a conocer las n\u00f3minas &hellip;<\/p>\n","protected":false},"author":2,"featured_media":47928,"comment_status":"open","ping_status":"open","sticky":false,"template":"","format":"standard","meta":{"footnotes":""},"categories":[1],"tags":[],"class_list":["post-47927","post","type-post","status-publish","format-standard","has-post-thumbnail","hentry","category-uncategorized"],"_links":{"self":[{"href":"https:\/\/radionuble.cl\/v1\/wp-json\/wp\/v2\/posts\/47927","targetHints":{"allow":["GET"]}}],"collection":[{"href":"https:\/\/radionuble.cl\/v1\/wp-json\/wp\/v2\/posts"}],"about":[{"href":"https:\/\/radionuble.cl\/v1\/wp-json\/wp\/v2\/types\/post"}],"author":[{"embeddable":true,"href":"https:\/\/radionuble.cl\/v1\/wp-json\/wp\/v2\/users\/2"}],"replies":[{"embeddable":true,"href":"https:\/\/radionuble.cl\/v1\/wp-json\/wp\/v2\/comments?post=47927"}],"version-history":[{"count":1,"href":"https:\/\/radionuble.cl\/v1\/wp-json\/wp\/v2\/posts\/47927\/revisions"}],"predecessor-version":[{"id":47929,"href":"https:\/\/radionuble.cl\/v1\/wp-json\/wp\/v2\/posts\/47927\/revisions\/47929"}],"wp:featuredmedia":[{"embeddable":true,"href":"https:\/\/radionuble.cl\/v1\/wp-json\/wp\/v2\/media\/47928"}],"wp:attachment":[{"href":"https:\/\/radionuble.cl\/v1\/wp-json\/wp\/v2\/media?parent=47927"}],"wp:term":[{"taxonomy":"category","embeddable":true,"href":"https:\/\/radionuble.cl\/v1\/wp-json\/wp\/v2\/categories?post=47927"},{"taxonomy":"post_tag","embeddable":true,"href":"https:\/\/radionuble.cl\/v1\/wp-json\/wp\/v2\/tags?post=47927"}],"curies":[{"name":"wp","href":"https:\/\/api.w.org\/{rel}","templated":true}]}}