{"id":48084,"date":"2025-06-10T00:33:09","date_gmt":"2025-06-10T00:33:09","guid":{"rendered":"https:\/\/radionuble.cl\/v1\/?p=48084"},"modified":"2025-06-10T00:33:09","modified_gmt":"2025-06-10T00:33:09","slug":"boric-exige-a-electricas-no-culpar-al-clima-por-cortes-lluvias-y-vientos-se-intensificaran-en-chile","status":"publish","type":"post","link":"https:\/\/radionuble.cl\/v1\/2025\/06\/10\/boric-exige-a-electricas-no-culpar-al-clima-por-cortes-lluvias-y-vientos-se-intensificaran-en-chile\/","title":{"rendered":"Boric exige a el\u00e9ctricas no culpar al clima por cortes: lluvias y vientos se intensificar\u00e1n en Chile"},"content":{"rendered":"<p>El presidente Gabriel Boric lanz\u00f3 un fuerte llamado a las empresas el\u00e9ctricas para que no usen la excusa de \u201ccaso fortuito\u201d frente a posibles cortes de luz causados por los temporales que afectar\u00e1n al pa\u00eds esta semana.<\/p>\n<p>A trav\u00e9s de su cuenta de X, Boric explic\u00f3 que se espera una combinaci\u00f3n de lluvias y vientos en gran parte de Chile, desde la regi\u00f3n de Coquimbo hasta Magallanes. \u201cLas empresas proveedoras de electricidad no pueden alegar \u2018caso fortuito\u2019 ante eventos predecibles\u201d, enfatiz\u00f3.<\/p>\n<p>El mandatario record\u00f3 que el Estado est\u00e1 tomando todas las medidas necesarias, pero advirti\u00f3 que las compa\u00f1\u00edas \u201ctienen que hacer bien la pega\u201d. <\/p>\n<p>Su mensaje surge luego de que en agosto pasado, un sistema frontal con vientos de hasta 120 km\/h dejara a m\u00e1s de 750 mil hogares sin suministro el\u00e9ctrico en la Regi\u00f3n Metropolitana, con demoras de hasta 7 d\u00edas en la reposici\u00f3n del servicio y lamentables fallecimientos de personas electrodependientes.<\/p>\n<p>La combinaci\u00f3n de lluvia y viento para los pr\u00f3ximos d\u00edas anticipa un nuevo desaf\u00edo para las empresas el\u00e9ctricas, y el gobierno promete seguir de cerca su actuaci\u00f3n para evitar que se repitan situaciones como la vivida el a\u00f1o pasado.<\/p>\n","protected":false},"excerpt":{"rendered":"<p>El presidente Gabriel Boric lanz\u00f3 un fuerte llamado a las empresas el\u00e9ctricas para que no usen la excusa de \u201ccaso fortuito\u201d frente a posibles cortes de luz causados por los temporales que afectar\u00e1n al pa\u00eds esta semana. A trav\u00e9s de su cuenta de X, Boric explic\u00f3 que se espera una combinaci\u00f3n de lluvias y vientos &hellip;<\/p>\n","protected":false},"author":1,"featured_media":0,"comment_status":"open","ping_status":"open","sticky":false,"template":"","format":"standard","meta":{"footnotes":""},"categories":[26],"tags":[],"class_list":["post-48084","post","type-post","status-publish","format-standard","hentry","category-pais"],"_links":{"self":[{"href":"https:\/\/radionuble.cl\/v1\/wp-json\/wp\/v2\/posts\/48084","targetHints":{"allow":["GET"]}}],"collection":[{"href":"https:\/\/radionuble.cl\/v1\/wp-json\/wp\/v2\/posts"}],"about":[{"href":"https:\/\/radionuble.cl\/v1\/wp-json\/wp\/v2\/types\/post"}],"author":[{"embeddable":true,"href":"https:\/\/radionuble.cl\/v1\/wp-json\/wp\/v2\/users\/1"}],"replies":[{"embeddable":true,"href":"https:\/\/radionuble.cl\/v1\/wp-json\/wp\/v2\/comments?post=48084"}],"version-history":[{"count":1,"href":"https:\/\/radionuble.cl\/v1\/wp-json\/wp\/v2\/posts\/48084\/revisions"}],"predecessor-version":[{"id":48085,"href":"https:\/\/radionuble.cl\/v1\/wp-json\/wp\/v2\/posts\/48084\/revisions\/48085"}],"wp:attachment":[{"href":"https:\/\/radionuble.cl\/v1\/wp-json\/wp\/v2\/media?parent=48084"}],"wp:term":[{"taxonomy":"category","embeddable":true,"href":"https:\/\/radionuble.cl\/v1\/wp-json\/wp\/v2\/categories?post=48084"},{"taxonomy":"post_tag","embeddable":true,"href":"https:\/\/radionuble.cl\/v1\/wp-json\/wp\/v2\/tags?post=48084"}],"curies":[{"name":"wp","href":"https:\/\/api.w.org\/{rel}","templated":true}]}}