{"id":48089,"date":"2025-06-10T00:53:40","date_gmt":"2025-06-10T00:53:40","guid":{"rendered":"https:\/\/radionuble.cl\/v1\/?p=48089"},"modified":"2025-06-10T00:53:40","modified_gmt":"2025-06-10T00:53:40","slug":"prision-preventiva-para-hombre-que-agredio-a-exconviviente-en-san-carlos","status":"publish","type":"post","link":"https:\/\/radionuble.cl\/v1\/2025\/06\/10\/prision-preventiva-para-hombre-que-agredio-a-exconviviente-en-san-carlos\/","title":{"rendered":"Prisi\u00f3n preventiva para hombre que agredi\u00f3 a exconviviente en San Carlos"},"content":{"rendered":"<p>El Juzgado de Garant\u00eda de San Carlos decret\u00f3 la prisi\u00f3n preventiva para un hombre de 44 a\u00f1os, imputado por amenazas de muerte, lesiones y desacato en contexto de violencia intrafamiliar. La medida fue solicitada por la fiscal jefe de la comuna, Tamara Cuello Pe\u00f1a.<\/p>\n<p>El hecho ocurri\u00f3 el pasado 21 de mayo, alrededor de las 20:40 horas, cuando el hombre acudi\u00f3 a la vivienda de su exconviviente, iniciando una discusi\u00f3n que deriv\u00f3 en agresiones f\u00edsicas. La v\u00edctima logr\u00f3 escapar y pedir auxilio.<\/p>\n<p>Durante la audiencia de formalizaci\u00f3n, la fiscal Cuello argument\u00f3 que la libertad del imputado representaba un riesgo para la seguridad de la sociedad y de la v\u00edctima, se\u00f1alando adem\u00e1s que se trata de un caso de reincidencia en delitos de violencia intrafamiliar. Estos antecedentes fueron acogidos por el tribunal, que resolvi\u00f3 decretar la medida cautelar m\u00e1s gravosa.<\/p>\n<p>El imputado permanecer\u00e1 en prisi\u00f3n preventiva mientras se desarrolla la investigaci\u00f3n del caso. <\/p>\n<p>La decisi\u00f3n judicial busca resguardar la integridad de la v\u00edctima y prevenir nuevos episodios de violencia en el marco de esta causa.<\/p>\n","protected":false},"excerpt":{"rendered":"<p>El Juzgado de Garant\u00eda de San Carlos decret\u00f3 la prisi\u00f3n preventiva para un hombre de 44 a\u00f1os, imputado por amenazas de muerte, lesiones y desacato en contexto de violencia intrafamiliar. La medida fue solicitada por la fiscal jefe de la comuna, Tamara Cuello Pe\u00f1a. El hecho ocurri\u00f3 el pasado 21 de mayo, alrededor de las &hellip;<\/p>\n","protected":false},"author":1,"featured_media":0,"comment_status":"open","ping_status":"open","sticky":false,"template":"","format":"standard","meta":{"footnotes":""},"categories":[25],"tags":[],"class_list":["post-48089","post","type-post","status-publish","format-standard","hentry","category-nuble"],"_links":{"self":[{"href":"https:\/\/radionuble.cl\/v1\/wp-json\/wp\/v2\/posts\/48089","targetHints":{"allow":["GET"]}}],"collection":[{"href":"https:\/\/radionuble.cl\/v1\/wp-json\/wp\/v2\/posts"}],"about":[{"href":"https:\/\/radionuble.cl\/v1\/wp-json\/wp\/v2\/types\/post"}],"author":[{"embeddable":true,"href":"https:\/\/radionuble.cl\/v1\/wp-json\/wp\/v2\/users\/1"}],"replies":[{"embeddable":true,"href":"https:\/\/radionuble.cl\/v1\/wp-json\/wp\/v2\/comments?post=48089"}],"version-history":[{"count":1,"href":"https:\/\/radionuble.cl\/v1\/wp-json\/wp\/v2\/posts\/48089\/revisions"}],"predecessor-version":[{"id":48090,"href":"https:\/\/radionuble.cl\/v1\/wp-json\/wp\/v2\/posts\/48089\/revisions\/48090"}],"wp:attachment":[{"href":"https:\/\/radionuble.cl\/v1\/wp-json\/wp\/v2\/media?parent=48089"}],"wp:term":[{"taxonomy":"category","embeddable":true,"href":"https:\/\/radionuble.cl\/v1\/wp-json\/wp\/v2\/categories?post=48089"},{"taxonomy":"post_tag","embeddable":true,"href":"https:\/\/radionuble.cl\/v1\/wp-json\/wp\/v2\/tags?post=48089"}],"curies":[{"name":"wp","href":"https:\/\/api.w.org\/{rel}","templated":true}]}}