{"id":48117,"date":"2025-06-10T19:21:11","date_gmt":"2025-06-10T19:21:11","guid":{"rendered":"https:\/\/radionuble.cl\/v1\/?p=48117"},"modified":"2025-06-10T19:21:11","modified_gmt":"2025-06-10T19:21:11","slug":"escandalo-en-chillan-funcionarios-de-hospital-investigados-por-trafico-de-drogas","status":"publish","type":"post","link":"https:\/\/radionuble.cl\/v1\/2025\/06\/10\/escandalo-en-chillan-funcionarios-de-hospital-investigados-por-trafico-de-drogas\/","title":{"rendered":"\u00a1Esc\u00e1ndalo en Chill\u00e1n! Funcionarios de hospital investigados por tr\u00e1fico de drogas"},"content":{"rendered":"<p>El Ministerio P\u00fablico de Chill\u00e1n est\u00e1 llevando adelante las primeras diligencias por un caso de presunto tr\u00e1fico de drogas que involucra a funcionarios del Servicio de Salud \u00d1uble (SS\u00d1). <\/p>\n<p>La investigaci\u00f3n apunta espec\u00edficamente a empleados que trabajan en la unidad del crematorio de estupefacientes, ubicada en el Hospital Cl\u00ednico Herminda Mart\u00edn de Chill\u00e1n.<\/p>\n<p>En respuesta a esta grave situaci\u00f3n, el SS\u00d1 y el Hospital Herminda Mart\u00edn emitieron un comunicado p\u00fablico en el que expresaron su m\u00e1s absoluto rechazo y condena a cualquier conducta que vulnere la ley y los principios \u00e9ticos del servicio p\u00fablico.<\/p>\n<p>La directora del SS\u00d1, Elizabeth Abarca Trivi\u00f1o, anunci\u00f3 que presentar\u00e1n una querella criminal contra quienes resulten responsables y que ya se activaron los procedimientos administrativos correspondientes. <\/p>\n<p>Adem\u00e1s, afirm\u00f3 que se pusieron a disposici\u00f3n de la justicia todos los antecedentes requeridos para esclarecer los hechos.<\/p>\n<p>Por su parte, la directora del Hospital Herminda Mart\u00edn, Luz Mar\u00eda Mor\u00e1n Ib\u00e1\u00f1ez, destac\u00f3 que se reafirma el compromiso irrestricto con la probidad y la transparencia, trabajando en coordinaci\u00f3n con los organismos pertinentes para apoyar las investigaciones.<\/p>\n<p>Tanto el SS\u00d1 como el hospital manifestaron su plena disposici\u00f3n para colaborar con el Ministerio P\u00fablico y las polic\u00edas, con el fin de que esta investigaci\u00f3n avance de manera exitosa y se aclare la posible responsabilidad de los involucrados.<\/p>\n","protected":false},"excerpt":{"rendered":"<p>El Ministerio P\u00fablico de Chill\u00e1n est\u00e1 llevando adelante las primeras diligencias por un caso de presunto tr\u00e1fico de drogas que involucra a funcionarios del Servicio de Salud \u00d1uble (SS\u00d1). La investigaci\u00f3n apunta espec\u00edficamente a empleados que trabajan en la unidad del crematorio de estupefacientes, ubicada en el Hospital Cl\u00ednico Herminda Mart\u00edn de Chill\u00e1n. En respuesta &hellip;<\/p>\n","protected":false},"author":1,"featured_media":48118,"comment_status":"open","ping_status":"open","sticky":false,"template":"","format":"standard","meta":{"footnotes":""},"categories":[24],"tags":[],"class_list":["post-48117","post","type-post","status-publish","format-standard","has-post-thumbnail","hentry","category-chillan"],"_links":{"self":[{"href":"https:\/\/radionuble.cl\/v1\/wp-json\/wp\/v2\/posts\/48117","targetHints":{"allow":["GET"]}}],"collection":[{"href":"https:\/\/radionuble.cl\/v1\/wp-json\/wp\/v2\/posts"}],"about":[{"href":"https:\/\/radionuble.cl\/v1\/wp-json\/wp\/v2\/types\/post"}],"author":[{"embeddable":true,"href":"https:\/\/radionuble.cl\/v1\/wp-json\/wp\/v2\/users\/1"}],"replies":[{"embeddable":true,"href":"https:\/\/radionuble.cl\/v1\/wp-json\/wp\/v2\/comments?post=48117"}],"version-history":[{"count":1,"href":"https:\/\/radionuble.cl\/v1\/wp-json\/wp\/v2\/posts\/48117\/revisions"}],"predecessor-version":[{"id":48119,"href":"https:\/\/radionuble.cl\/v1\/wp-json\/wp\/v2\/posts\/48117\/revisions\/48119"}],"wp:featuredmedia":[{"embeddable":true,"href":"https:\/\/radionuble.cl\/v1\/wp-json\/wp\/v2\/media\/48118"}],"wp:attachment":[{"href":"https:\/\/radionuble.cl\/v1\/wp-json\/wp\/v2\/media?parent=48117"}],"wp:term":[{"taxonomy":"category","embeddable":true,"href":"https:\/\/radionuble.cl\/v1\/wp-json\/wp\/v2\/categories?post=48117"},{"taxonomy":"post_tag","embeddable":true,"href":"https:\/\/radionuble.cl\/v1\/wp-json\/wp\/v2\/tags?post=48117"}],"curies":[{"name":"wp","href":"https:\/\/api.w.org\/{rel}","templated":true}]}}