{"id":48359,"date":"2025-06-20T13:58:18","date_gmt":"2025-06-20T13:58:18","guid":{"rendered":"https:\/\/radionuble.cl\/v1\/?p=48359"},"modified":"2025-06-20T13:58:18","modified_gmt":"2025-06-20T13:58:18","slug":"teatro-municipal-de-chillan-recibe-300-millones-para-programacion-cultural-gratuita-en-2025","status":"publish","type":"post","link":"https:\/\/radionuble.cl\/v1\/2025\/06\/20\/teatro-municipal-de-chillan-recibe-300-millones-para-programacion-cultural-gratuita-en-2025\/","title":{"rendered":"Teatro Municipal de Chill\u00e1n recibe $300 millones para programaci\u00f3n cultural gratuita en 2025"},"content":{"rendered":"<p>Buenas noticias para la cultura en \u00d1uble: el Teatro Municipal de Chill\u00e1n se adjudic\u00f3 por segundo a\u00f1o consecutivo el financiamiento del PAOCC, programa del Ministerio de las Culturas que permitir\u00e1 invertir $300 millones en programaci\u00f3n art\u00edstica gratuita durante 2025.<\/p>\n<p>La noticia fue celebrada por el alcalde Camilo Benavente, quien valor\u00f3 el respaldo del Ministerio al trabajo realizado. \u201cLo hicimos bien, rendimos bien, y tuvimos la cantidad de p\u00fablico adecuada\u201d, destac\u00f3. <\/p>\n<p>En 2024, m\u00e1s de 21.800 personas participaron en actividades financiadas por el PAOCC, con hitos como \u201cShrek, el musical\u201d y \u201cPateando Piedras\u201d.<\/p>\n<p>El seremi (s) Cristian Urrutia valor\u00f3 la eficiencia en el uso de recursos y el impacto en empleabilidad art\u00edstica. Solo el a\u00f1o pasado, m\u00e1s de 250 artistas fueron contratados gracias al programa. <\/p>\n<p>Este 2025 se espera repetir y ampliar ese alcance, reforzando al teatro como un eje cultural para las 21 comunas de \u00d1uble.<\/p>\n","protected":false},"excerpt":{"rendered":"<p>Buenas noticias para la cultura en \u00d1uble: el Teatro Municipal de Chill\u00e1n se adjudic\u00f3 por segundo a\u00f1o consecutivo el financiamiento del PAOCC, programa del Ministerio de las Culturas que permitir\u00e1 invertir $300 millones en programaci\u00f3n art\u00edstica gratuita durante 2025. La noticia fue celebrada por el alcalde Camilo Benavente, quien valor\u00f3 el respaldo del Ministerio al &hellip;<\/p>\n","protected":false},"author":1,"featured_media":48360,"comment_status":"open","ping_status":"open","sticky":false,"template":"","format":"standard","meta":{"footnotes":""},"categories":[24],"tags":[],"class_list":["post-48359","post","type-post","status-publish","format-standard","has-post-thumbnail","hentry","category-chillan"],"_links":{"self":[{"href":"https:\/\/radionuble.cl\/v1\/wp-json\/wp\/v2\/posts\/48359","targetHints":{"allow":["GET"]}}],"collection":[{"href":"https:\/\/radionuble.cl\/v1\/wp-json\/wp\/v2\/posts"}],"about":[{"href":"https:\/\/radionuble.cl\/v1\/wp-json\/wp\/v2\/types\/post"}],"author":[{"embeddable":true,"href":"https:\/\/radionuble.cl\/v1\/wp-json\/wp\/v2\/users\/1"}],"replies":[{"embeddable":true,"href":"https:\/\/radionuble.cl\/v1\/wp-json\/wp\/v2\/comments?post=48359"}],"version-history":[{"count":1,"href":"https:\/\/radionuble.cl\/v1\/wp-json\/wp\/v2\/posts\/48359\/revisions"}],"predecessor-version":[{"id":48361,"href":"https:\/\/radionuble.cl\/v1\/wp-json\/wp\/v2\/posts\/48359\/revisions\/48361"}],"wp:featuredmedia":[{"embeddable":true,"href":"https:\/\/radionuble.cl\/v1\/wp-json\/wp\/v2\/media\/48360"}],"wp:attachment":[{"href":"https:\/\/radionuble.cl\/v1\/wp-json\/wp\/v2\/media?parent=48359"}],"wp:term":[{"taxonomy":"category","embeddable":true,"href":"https:\/\/radionuble.cl\/v1\/wp-json\/wp\/v2\/categories?post=48359"},{"taxonomy":"post_tag","embeddable":true,"href":"https:\/\/radionuble.cl\/v1\/wp-json\/wp\/v2\/tags?post=48359"}],"curies":[{"name":"wp","href":"https:\/\/api.w.org\/{rel}","templated":true}]}}