{"id":48413,"date":"2025-06-24T16:07:40","date_gmt":"2025-06-24T16:07:40","guid":{"rendered":"https:\/\/radionuble.cl\/v1\/?p=48413"},"modified":"2025-06-24T16:09:46","modified_gmt":"2025-06-24T16:09:46","slug":"48413","status":"publish","type":"post","link":"https:\/\/radionuble.cl\/v1\/2025\/06\/24\/48413\/","title":{"rendered":"Instituto Profesional Santo Tom\u00e1s, sede Chill\u00e1n invita."},"content":{"rendered":"<p style=\"font-weight: 400;\">Tenemos el agrado de invitarles al\u00a0<strong>III Seminario HackSecure Chill\u00e1n<\/strong>, que este a\u00f1o abordar\u00e1 un tema de m\u00e1xima relevancia para el entorno empresarial:\u00a0<strong>\u00abAvances y desaf\u00edos en la legislaci\u00f3n de ciberseguridad y protecci\u00f3n de datos\u00bb<\/strong>, en el contexto de la reciente promulgaci\u00f3n de la\u00a0<strong>Ley Marco de Ciberseguridad (Ley 21.663)<\/strong>.<\/p>\n<p style=\"font-weight: 400;\">Esta normativa establece un marco jur\u00eddico robusto que obliga a sectores p\u00fablicos y privados a implementar sistemas y pol\u00edticas de gesti\u00f3n de ciberseguridad, incorporando est\u00e1ndares internacionales y creando la Agencia Nacional de Ciberseguridad (ANCI). Frente a este nuevo escenario, se vuelve imprescindible para las empresas contar con informaci\u00f3n clara y actualizada.<\/p>\n<p style=\"font-weight: 400;\">El seminario contar\u00e1 con dos expositores de primer nivel:<br \/>\n<strong>Andr\u00e9s Pumarino<\/strong>, abogado experto en tecnolog\u00eda, protecci\u00f3n de datos y ciberseguridad.<br \/>\n<strong>Daniel \u00c1lvarez<\/strong>, director de la Agencia Nacional de Ciberseguridad.<\/p>\n<p style=\"font-weight: 400;\"><strong>Fecha:<\/strong>\u00a0Mi\u00e9rcoles 2 de julio de 2025<br \/>\n<strong>Hora:<\/strong>\u00a010:30 hrs.<br \/>\n<strong>Lugar:<\/strong>\u00a0Centro de Conferencias FICUS, Rosas #392, Chill\u00e1n<br \/>\n<strong>Inscripci\u00f3n gratuita:<\/strong>\u00a0<a href=\"https:\/\/bit.ly\/HackSecure2025\">https:\/\/bit.ly\/HackSecure2025<\/a><\/p>\n<p style=\"font-weight: 400;\">\n","protected":false},"excerpt":{"rendered":"<p>Tenemos el agrado de invitarles al\u00a0III Seminario HackSecure Chill\u00e1n, que este a\u00f1o abordar\u00e1 un tema de m\u00e1xima relevancia para el entorno empresarial:\u00a0\u00abAvances y desaf\u00edos en la legislaci\u00f3n de ciberseguridad y protecci\u00f3n de datos\u00bb, en el contexto de la reciente promulgaci\u00f3n de la\u00a0Ley Marco de Ciberseguridad (Ley 21.663). Esta normativa establece un marco jur\u00eddico robusto que &hellip;<\/p>\n","protected":false},"author":2,"featured_media":48414,"comment_status":"open","ping_status":"open","sticky":false,"template":"","format":"standard","meta":{"footnotes":""},"categories":[1],"tags":[],"class_list":["post-48413","post","type-post","status-publish","format-standard","has-post-thumbnail","hentry","category-uncategorized"],"_links":{"self":[{"href":"https:\/\/radionuble.cl\/v1\/wp-json\/wp\/v2\/posts\/48413","targetHints":{"allow":["GET"]}}],"collection":[{"href":"https:\/\/radionuble.cl\/v1\/wp-json\/wp\/v2\/posts"}],"about":[{"href":"https:\/\/radionuble.cl\/v1\/wp-json\/wp\/v2\/types\/post"}],"author":[{"embeddable":true,"href":"https:\/\/radionuble.cl\/v1\/wp-json\/wp\/v2\/users\/2"}],"replies":[{"embeddable":true,"href":"https:\/\/radionuble.cl\/v1\/wp-json\/wp\/v2\/comments?post=48413"}],"version-history":[{"count":3,"href":"https:\/\/radionuble.cl\/v1\/wp-json\/wp\/v2\/posts\/48413\/revisions"}],"predecessor-version":[{"id":48417,"href":"https:\/\/radionuble.cl\/v1\/wp-json\/wp\/v2\/posts\/48413\/revisions\/48417"}],"wp:featuredmedia":[{"embeddable":true,"href":"https:\/\/radionuble.cl\/v1\/wp-json\/wp\/v2\/media\/48414"}],"wp:attachment":[{"href":"https:\/\/radionuble.cl\/v1\/wp-json\/wp\/v2\/media?parent=48413"}],"wp:term":[{"taxonomy":"category","embeddable":true,"href":"https:\/\/radionuble.cl\/v1\/wp-json\/wp\/v2\/categories?post=48413"},{"taxonomy":"post_tag","embeddable":true,"href":"https:\/\/radionuble.cl\/v1\/wp-json\/wp\/v2\/tags?post=48413"}],"curies":[{"name":"wp","href":"https:\/\/api.w.org\/{rel}","templated":true}]}}