{"id":48552,"date":"2025-06-30T18:55:48","date_gmt":"2025-06-30T18:55:48","guid":{"rendered":"https:\/\/radionuble.cl\/v1\/?p=48552"},"modified":"2025-06-30T18:55:48","modified_gmt":"2025-06-30T18:55:48","slug":"pdi-de-nuble-se-moderniza-invierten-mas-de-570-millones-en-tecnologia-investigativa","status":"publish","type":"post","link":"https:\/\/radionuble.cl\/v1\/2025\/06\/30\/pdi-de-nuble-se-moderniza-invierten-mas-de-570-millones-en-tecnologia-investigativa\/","title":{"rendered":"PDI de \u00d1uble se moderniza: invierten m\u00e1s de $570 millones en tecnolog\u00eda investigativa"},"content":{"rendered":"<p>El Gobierno Regional de \u00d1uble reafirm\u00f3 su compromiso con la seguridad p\u00fablica al entregar nuevo equipamiento tecnol\u00f3gico a la Polic\u00eda de Investigaciones.<\/p>\n<p>La inversi\u00f3n, que supera los $570 millones, est\u00e1 destinada a fortalecer las unidades especializadas y mejorar la capacidad investigativa en la regi\u00f3n.<\/p>\n<p>La entrega fue encabezada por el gobernador \u00d3scar Cris\u00f3stomo, quien destac\u00f3 que este aporte forma parte de un convenio permanente con la PDI.<\/p>\n<p>\u201cConfiamos en su trabajo profesional y, por lo mismo, cada a\u00f1o vamos reforzando su tecnolog\u00eda y capacidades para profundizar su labor y resguardar a \u00d1uble\u201d, afirm\u00f3 la autoridad.<\/p>\n<p>Entre los equipos entregados se incluyen computadores de alta gama, linternas forenses, destructoras de papel y extricadores hidr\u00e1ulicos, herramientas clave para el an\u00e1lisis de evidencia y el trabajo en terreno.<\/p>\n<p>Seg\u00fan el prefecto inspector Enrique Zamora, estos insumos permitir\u00e1n optimizar el trabajo en sitios del suceso y mejorar los allanamientos.<\/p>\n<p>\u201cEstos elementos se traducen en investigaciones m\u00e1s eficientes, de mayor calidad y con mejores resultados para la regi\u00f3n\u201d, se\u00f1al\u00f3 Zamora, subrayando que el apoyo regional es clave para seguir elevando los est\u00e1ndares del trabajo policial en \u00d1uble.<\/p>\n<p>La iniciativa se suma a otros proyectos financiados por el Gobierno Regional en colaboraci\u00f3n con la PDI, como la adquisici\u00f3n de nuevos veh\u00edculos y el dise\u00f1o del futuro Cuartel Regional.<\/p>\n<p>Todo esto apunta a reforzar la operatividad de la polic\u00eda y garantizar mayor seguridad a la ciudadan\u00eda.<\/p>\n","protected":false},"excerpt":{"rendered":"<p>El Gobierno Regional de \u00d1uble reafirm\u00f3 su compromiso con la seguridad p\u00fablica al entregar nuevo equipamiento tecnol\u00f3gico a la Polic\u00eda de Investigaciones. La inversi\u00f3n, que supera los $570 millones, est\u00e1 destinada a fortalecer las unidades especializadas y mejorar la capacidad investigativa en la regi\u00f3n. La entrega fue encabezada por el gobernador \u00d3scar Cris\u00f3stomo, quien destac\u00f3 &hellip;<\/p>\n","protected":false},"author":1,"featured_media":48553,"comment_status":"open","ping_status":"open","sticky":false,"template":"","format":"standard","meta":{"footnotes":""},"categories":[25],"tags":[],"class_list":["post-48552","post","type-post","status-publish","format-standard","has-post-thumbnail","hentry","category-nuble"],"_links":{"self":[{"href":"https:\/\/radionuble.cl\/v1\/wp-json\/wp\/v2\/posts\/48552","targetHints":{"allow":["GET"]}}],"collection":[{"href":"https:\/\/radionuble.cl\/v1\/wp-json\/wp\/v2\/posts"}],"about":[{"href":"https:\/\/radionuble.cl\/v1\/wp-json\/wp\/v2\/types\/post"}],"author":[{"embeddable":true,"href":"https:\/\/radionuble.cl\/v1\/wp-json\/wp\/v2\/users\/1"}],"replies":[{"embeddable":true,"href":"https:\/\/radionuble.cl\/v1\/wp-json\/wp\/v2\/comments?post=48552"}],"version-history":[{"count":1,"href":"https:\/\/radionuble.cl\/v1\/wp-json\/wp\/v2\/posts\/48552\/revisions"}],"predecessor-version":[{"id":48554,"href":"https:\/\/radionuble.cl\/v1\/wp-json\/wp\/v2\/posts\/48552\/revisions\/48554"}],"wp:featuredmedia":[{"embeddable":true,"href":"https:\/\/radionuble.cl\/v1\/wp-json\/wp\/v2\/media\/48553"}],"wp:attachment":[{"href":"https:\/\/radionuble.cl\/v1\/wp-json\/wp\/v2\/media?parent=48552"}],"wp:term":[{"taxonomy":"category","embeddable":true,"href":"https:\/\/radionuble.cl\/v1\/wp-json\/wp\/v2\/categories?post=48552"},{"taxonomy":"post_tag","embeddable":true,"href":"https:\/\/radionuble.cl\/v1\/wp-json\/wp\/v2\/tags?post=48552"}],"curies":[{"name":"wp","href":"https:\/\/api.w.org\/{rel}","templated":true}]}}