{"id":48560,"date":"2025-07-01T19:16:56","date_gmt":"2025-07-01T19:16:56","guid":{"rendered":"https:\/\/radionuble.cl\/v1\/?p=48560"},"modified":"2025-07-01T19:16:56","modified_gmt":"2025-07-01T19:16:56","slug":"alerta-por-altas-temperaturas-en-la-cordillera-de-nuble-advierten-derretimiento-de-nieve","status":"publish","type":"post","link":"https:\/\/radionuble.cl\/v1\/2025\/07\/01\/alerta-por-altas-temperaturas-en-la-cordillera-de-nuble-advierten-derretimiento-de-nieve\/","title":{"rendered":"Alerta por altas temperaturas en la cordillera de \u00d1uble: advierten derretimiento de nieve"},"content":{"rendered":"<p>La Direcci\u00f3n Meteorol\u00f3gica de Chile emiti\u00f3 un Aviso Meteorol\u00f3gico por altas temperaturas en la cordillera de \u00d1uble, lo que podr\u00eda generar importantes derretimientos del manto nivoso entre este mi\u00e9rcoles 2 y el domingo 6 de julio.<\/p>\n<p>Seg\u00fan el reporte oficial, la causa del fen\u00f3meno es una dorsal en altura, que elevar\u00e1 de forma inusual la isoterma cero, es decir, la altitud a la que la temperatura alcanza los 0\u00b0C.<\/p>\n<p>Para el caso de \u00d1uble, la isoterma se ubicar\u00e1 entre los 3.200 y 4.500 metros, lo que facilitar\u00e1 el derretimiento de la nieve acumulada en zonas altas de la cordillera.<\/p>\n<p>De esta forma, el mi\u00e9rcoles, la isoterma partir\u00e1 en los 3.200 metros y subir\u00e1 hasta los 4.000. El viernes, en tanto, alcanzar\u00e1 su punto m\u00e1s cr\u00edtico: entre 4.000 y 4.500 metros, con mayor riesgo de escurrimientos y posibles alteraciones en r\u00edos cordilleranos.<\/p>\n<p>Este aviso no solo afecta a \u00d1uble, sino tambi\u00e9n a las regiones del Biob\u00edo, La Araucan\u00eda, Los R\u00edos y Los Lagos, donde se esperan condiciones similares en sectores cordilleranos.<\/p>\n<p>&lt;h2&gt;\u00bfPor qu\u00e9 es relevante este fen\u00f3meno?&lt;\/h2&gt;<\/p>\n<p>El derretimiento acelerado de nieve podr\u00eda provocar aumentos repentinos en los caudales de r\u00edos, lo que representa un riesgo para sectores rurales y para la infraestructura ubicada aguas abajo. Autoridades podr\u00edan activar protocolos preventivos si las condiciones as\u00ed lo ameritan.<\/p>\n<p>En paralelo, el pron\u00f3stico para Chill\u00e1n anticipa una semana nublada y templada, con m\u00e1ximas entre 12 y 14 grados, lo que se alinea con el comportamiento de la dorsal c\u00e1lida que afecta a gran parte del centro-sur del pa\u00eds.<\/p>\n<p>Se recomienda a la poblaci\u00f3n mantenerse informada a trav\u00e9s de los canales oficiales y tomar precauciones ante eventuales crecidas o activaci\u00f3n de quebradas en sectores de monta\u00f1a.<\/p>\n","protected":false},"excerpt":{"rendered":"<p>La Direcci\u00f3n Meteorol\u00f3gica de Chile emiti\u00f3 un Aviso Meteorol\u00f3gico por altas temperaturas en la cordillera de \u00d1uble, lo que podr\u00eda generar importantes derretimientos del manto nivoso entre este mi\u00e9rcoles 2 y el domingo 6 de julio. Seg\u00fan el reporte oficial, la causa del fen\u00f3meno es una dorsal en altura, que elevar\u00e1 de forma inusual la &hellip;<\/p>\n","protected":false},"author":1,"featured_media":48561,"comment_status":"open","ping_status":"open","sticky":false,"template":"","format":"standard","meta":{"footnotes":""},"categories":[25],"tags":[],"class_list":["post-48560","post","type-post","status-publish","format-standard","has-post-thumbnail","hentry","category-nuble"],"_links":{"self":[{"href":"https:\/\/radionuble.cl\/v1\/wp-json\/wp\/v2\/posts\/48560","targetHints":{"allow":["GET"]}}],"collection":[{"href":"https:\/\/radionuble.cl\/v1\/wp-json\/wp\/v2\/posts"}],"about":[{"href":"https:\/\/radionuble.cl\/v1\/wp-json\/wp\/v2\/types\/post"}],"author":[{"embeddable":true,"href":"https:\/\/radionuble.cl\/v1\/wp-json\/wp\/v2\/users\/1"}],"replies":[{"embeddable":true,"href":"https:\/\/radionuble.cl\/v1\/wp-json\/wp\/v2\/comments?post=48560"}],"version-history":[{"count":1,"href":"https:\/\/radionuble.cl\/v1\/wp-json\/wp\/v2\/posts\/48560\/revisions"}],"predecessor-version":[{"id":48562,"href":"https:\/\/radionuble.cl\/v1\/wp-json\/wp\/v2\/posts\/48560\/revisions\/48562"}],"wp:featuredmedia":[{"embeddable":true,"href":"https:\/\/radionuble.cl\/v1\/wp-json\/wp\/v2\/media\/48561"}],"wp:attachment":[{"href":"https:\/\/radionuble.cl\/v1\/wp-json\/wp\/v2\/media?parent=48560"}],"wp:term":[{"taxonomy":"category","embeddable":true,"href":"https:\/\/radionuble.cl\/v1\/wp-json\/wp\/v2\/categories?post=48560"},{"taxonomy":"post_tag","embeddable":true,"href":"https:\/\/radionuble.cl\/v1\/wp-json\/wp\/v2\/tags?post=48560"}],"curies":[{"name":"wp","href":"https:\/\/api.w.org\/{rel}","templated":true}]}}