{"id":48684,"date":"2025-07-08T18:32:49","date_gmt":"2025-07-08T18:32:49","guid":{"rendered":"https:\/\/radionuble.cl\/v1\/?p=48684"},"modified":"2025-07-08T18:32:49","modified_gmt":"2025-07-08T18:32:49","slug":"gobierno-da-inicio-a-la-expropiacion-de-ex-colonia-dignidad-para-convertirla-en-sitio-de-memoria","status":"publish","type":"post","link":"https:\/\/radionuble.cl\/v1\/2025\/07\/08\/gobierno-da-inicio-a-la-expropiacion-de-ex-colonia-dignidad-para-convertirla-en-sitio-de-memoria\/","title":{"rendered":"Gobierno da inicio a la expropiaci\u00f3n de ex Colonia Dignidad para convertirla en sitio de memoria"},"content":{"rendered":"<p>Este lunes, el Estado de Chile dio un paso clave en materia de derechos humanos al firmar el decreto que inicia la expropiaci\u00f3n de parte de los terrenos de la ex Colonia Dignidad, en la Regi\u00f3n del Maule. La medida busca transformar el espacio, marcado por d\u00e9cadas de abusos, en un sitio de memoria permanente, de acceso p\u00fablico y con administraci\u00f3n p\u00fablico-civil.<\/p>\n<p>La expropiaci\u00f3n responde a un compromiso presidencial asumido por Gabriel Boric en su Cuenta P\u00fablica 2024, y a recomendaciones del Instituto Nacional de Derechos Humanos (INDH), que ha insistido en la necesidad de avanzar en memoria, justicia y reparaci\u00f3n. Tras la firma del decreto, Boric escribi\u00f3 en X: \u201c\u00a1Cumplimos!\u201d, compartiendo una nota del medio alem\u00e1n Deutsche Welle.<\/p>\n<p>Los terrenos que ser\u00e1n intervenidos fueron declarados Monumento Hist\u00f3rico en 2016 e incluyen lugares clave como la casa de Paul Sch\u00e4fer, el hospital, la bodega de papas, caminos internos y el estero El Hualle, donde fueron arrojadas cenizas de v\u00edctimas de la dictadura.<\/p>\n<p>El proceso contempla una primera etapa pericial que demorar\u00e1 cerca de dos meses, seg\u00fan indic\u00f3 el ministro de Vivienda, Carlos Montes. Posteriormente, el Estado pagar\u00e1 el valor fiscal de los terrenos a sus actuales propietarios: personas jur\u00eddicas y sociedades inmobiliarias.<\/p>\n<p>El ministro de Justicia, Jaime Gajardo, afirm\u00f3 que \u201cno se trata de un gesto pol\u00edtico, sino de un acto concreto para garantizar memoria y reparaci\u00f3n\u201d. Adem\u00e1s, se\u00f1al\u00f3 que este proceso se desarrollar\u00e1 dentro del actual per\u00edodo de Gobierno.<\/p>\n<p>La comunidad actual de Villa Baviera, heredera de la ex Colonia Dignidad, reaccion\u00f3 criticando el decreto, afirmando que el Estado los \u201crevictimiza nuevamente\u201d. Sin embargo, desde el Ejecutivo recalcaron que se trata de una deuda hist\u00f3rica pendiente con las v\u00edctimas del enclave alem\u00e1n que oper\u00f3 como centro de represi\u00f3n, abuso y exterminio en dictadura.<\/p>\n","protected":false},"excerpt":{"rendered":"<p>Este lunes, el Estado de Chile dio un paso clave en materia de derechos humanos al firmar el decreto que inicia la expropiaci\u00f3n de parte de los terrenos de la ex Colonia Dignidad, en la Regi\u00f3n del Maule. La medida busca transformar el espacio, marcado por d\u00e9cadas de abusos, en un sitio de memoria permanente, &hellip;<\/p>\n","protected":false},"author":1,"featured_media":48685,"comment_status":"open","ping_status":"open","sticky":false,"template":"","format":"standard","meta":{"footnotes":""},"categories":[26],"tags":[],"class_list":["post-48684","post","type-post","status-publish","format-standard","has-post-thumbnail","hentry","category-pais"],"_links":{"self":[{"href":"https:\/\/radionuble.cl\/v1\/wp-json\/wp\/v2\/posts\/48684","targetHints":{"allow":["GET"]}}],"collection":[{"href":"https:\/\/radionuble.cl\/v1\/wp-json\/wp\/v2\/posts"}],"about":[{"href":"https:\/\/radionuble.cl\/v1\/wp-json\/wp\/v2\/types\/post"}],"author":[{"embeddable":true,"href":"https:\/\/radionuble.cl\/v1\/wp-json\/wp\/v2\/users\/1"}],"replies":[{"embeddable":true,"href":"https:\/\/radionuble.cl\/v1\/wp-json\/wp\/v2\/comments?post=48684"}],"version-history":[{"count":1,"href":"https:\/\/radionuble.cl\/v1\/wp-json\/wp\/v2\/posts\/48684\/revisions"}],"predecessor-version":[{"id":48686,"href":"https:\/\/radionuble.cl\/v1\/wp-json\/wp\/v2\/posts\/48684\/revisions\/48686"}],"wp:featuredmedia":[{"embeddable":true,"href":"https:\/\/radionuble.cl\/v1\/wp-json\/wp\/v2\/media\/48685"}],"wp:attachment":[{"href":"https:\/\/radionuble.cl\/v1\/wp-json\/wp\/v2\/media?parent=48684"}],"wp:term":[{"taxonomy":"category","embeddable":true,"href":"https:\/\/radionuble.cl\/v1\/wp-json\/wp\/v2\/categories?post=48684"},{"taxonomy":"post_tag","embeddable":true,"href":"https:\/\/radionuble.cl\/v1\/wp-json\/wp\/v2\/tags?post=48684"}],"curies":[{"name":"wp","href":"https:\/\/api.w.org\/{rel}","templated":true}]}}