{"id":48988,"date":"2025-07-28T20:25:11","date_gmt":"2025-07-28T20:25:11","guid":{"rendered":"https:\/\/radionuble.cl\/v1\/?p=48988"},"modified":"2025-07-28T20:25:11","modified_gmt":"2025-07-28T20:25:11","slug":"anuncian-fuertes-lluvias-y-vientos-para-chillan-y-nuble-este-miercoles","status":"publish","type":"post","link":"https:\/\/radionuble.cl\/v1\/2025\/07\/28\/anuncian-fuertes-lluvias-y-vientos-para-chillan-y-nuble-este-miercoles\/","title":{"rendered":"Anuncian fuertes lluvias y vientos para Chill\u00e1n y \u00d1uble este mi\u00e9rcoles"},"content":{"rendered":"<p>La Direcci\u00f3n Meteorol\u00f3gica de Chile emiti\u00f3 un aviso por precipitaciones normales a moderadas y vientos de hasta 60 km\/h que afectar\u00e1n a Chill\u00e1n y la Regi\u00f3n de \u00d1uble este mi\u00e9rcoles 30 de julio. <\/p>\n<p>Se trata de un nuevo sistema frontal que llegar\u00e1 acompa\u00f1ado de una isoterma cero alta, lo que podr\u00eda generar deshielos y escurrimientos peligrosos en zonas precordilleranas y cordilleranas.<\/p>\n<p>El fen\u00f3meno clim\u00e1tico se extender\u00e1 desde la ma\u00f1ana hasta la noche del mi\u00e9rcoles, y afectar\u00e1 al litoral, cordillera de la costa, valle, precordillera y cordillera de \u00d1uble. <\/p>\n<p>Se estiman entre 35 y 50 mil\u00edmetros de lluvia en zonas urbanas como Chill\u00e1n, y hasta 40 mm en sectores cordilleranos. <\/p>\n<p>Adem\u00e1s, se espera una isoterma cero que comenzar\u00e1 en 3.100 metros y descender\u00e1 a 2.000 metros, lo que podr\u00eda acelerar la acumulaci\u00f3n de agua en cauces naturales.<\/p>\n<p>El pron\u00f3stico detalla que el mi\u00e9rcoles estar\u00e1 completamente cubierto, con lluvias intermitentes y fuertes r\u00e1fagas de viento de entre 25 y 40 km\/h, con picos de hasta 60 km\/h durante la tarde y la noche. <\/p>\n<p>Esta condici\u00f3n persistir\u00e1 el jueves y viernes, generando un escenario de riesgo por acumulaci\u00f3n de agua, ca\u00eddas de ramas y cortes de energ\u00eda en sectores rurales.<\/p>\n<p>Desde el jueves 31 de julio hasta el viernes 1 de agosto, se prev\u00e9 que las lluvias contin\u00faen de manera sostenida, con vientos moderados, lo que mantiene en alerta a los organismos de emergencia.<\/p>\n<p>Autoridades hicieron un llamado al autocuidado y a la prevenci\u00f3n, especialmente en sectores de riesgo o con historial de anegamientos. <\/p>\n<p>Se recomienda revisar techumbres, canaletas, evitar transitar por calles inundadas, asegurar elementos que puedan volarse con el viento y mantenerse informados por canales oficiales.<\/p>\n<p>La situaci\u00f3n ser\u00e1 monitoreada permanentemente por el sistema regional de protecci\u00f3n civil, mientras se espera si el evento clim\u00e1tico da paso a una eventual alerta preventiva por parte de Senapred.<\/p>\n","protected":false},"excerpt":{"rendered":"<p>La Direcci\u00f3n Meteorol\u00f3gica de Chile emiti\u00f3 un aviso por precipitaciones normales a moderadas y vientos de hasta 60 km\/h que afectar\u00e1n a Chill\u00e1n y la Regi\u00f3n de \u00d1uble este mi\u00e9rcoles 30 de julio. Se trata de un nuevo sistema frontal que llegar\u00e1 acompa\u00f1ado de una isoterma cero alta, lo que podr\u00eda generar deshielos y escurrimientos &hellip;<\/p>\n","protected":false},"author":1,"featured_media":0,"comment_status":"open","ping_status":"open","sticky":false,"template":"","format":"standard","meta":{"footnotes":""},"categories":[24],"tags":[],"class_list":["post-48988","post","type-post","status-publish","format-standard","hentry","category-chillan"],"_links":{"self":[{"href":"https:\/\/radionuble.cl\/v1\/wp-json\/wp\/v2\/posts\/48988","targetHints":{"allow":["GET"]}}],"collection":[{"href":"https:\/\/radionuble.cl\/v1\/wp-json\/wp\/v2\/posts"}],"about":[{"href":"https:\/\/radionuble.cl\/v1\/wp-json\/wp\/v2\/types\/post"}],"author":[{"embeddable":true,"href":"https:\/\/radionuble.cl\/v1\/wp-json\/wp\/v2\/users\/1"}],"replies":[{"embeddable":true,"href":"https:\/\/radionuble.cl\/v1\/wp-json\/wp\/v2\/comments?post=48988"}],"version-history":[{"count":1,"href":"https:\/\/radionuble.cl\/v1\/wp-json\/wp\/v2\/posts\/48988\/revisions"}],"predecessor-version":[{"id":48989,"href":"https:\/\/radionuble.cl\/v1\/wp-json\/wp\/v2\/posts\/48988\/revisions\/48989"}],"wp:attachment":[{"href":"https:\/\/radionuble.cl\/v1\/wp-json\/wp\/v2\/media?parent=48988"}],"wp:term":[{"taxonomy":"category","embeddable":true,"href":"https:\/\/radionuble.cl\/v1\/wp-json\/wp\/v2\/categories?post=48988"},{"taxonomy":"post_tag","embeddable":true,"href":"https:\/\/radionuble.cl\/v1\/wp-json\/wp\/v2\/tags?post=48988"}],"curies":[{"name":"wp","href":"https:\/\/api.w.org\/{rel}","templated":true}]}}