{"id":49231,"date":"2025-08-01T12:38:57","date_gmt":"2025-08-01T12:38:57","guid":{"rendered":"https:\/\/radionuble.cl\/v1\/?p=49231"},"modified":"2025-08-01T12:38:57","modified_gmt":"2025-08-01T12:38:57","slug":"nuble-lidera-el-desempleo-nacional-y-diputados-udi-acusan-inaccion-del-gobierno","status":"publish","type":"post","link":"https:\/\/radionuble.cl\/v1\/2025\/08\/01\/nuble-lidera-el-desempleo-nacional-y-diputados-udi-acusan-inaccion-del-gobierno\/","title":{"rendered":"\u00d1uble lidera el desempleo nacional y diputados UDI acusan inacci\u00f3n del Gobierno"},"content":{"rendered":"<p>Los diputados Marta Bravo y Crist\u00f3bal Mart\u00ednez (UDI) manifestaron su preocupaci\u00f3n por el alza del desempleo en \u00d1uble, que alcanz\u00f3 un 10,5% en el trimestre abril-junio de 2025, seg\u00fan inform\u00f3 el Instituto Nacional de Estad\u00edsticas (INE). <\/p>\n<p>La cifra ubica a la regi\u00f3n como la de mayor desocupaci\u00f3n del pa\u00eds.<\/p>\n<p>Ambos parlamentarios cuestionaron la falta de un plan concreto de reactivaci\u00f3n econ\u00f3mica y el estancamiento de proyectos de inversi\u00f3n p\u00fablica en la zona. <\/p>\n<p>\u201cLa inacci\u00f3n del Gobierno en materia econ\u00f3mica ha sido evidente. Hoy vemos obras paralizadas como la circunvalaci\u00f3n de Chill\u00e1n, la ruta hacia Yungay o la infraestructura h\u00eddrica, todas fundamentales para generar empleo\u201d, se\u00f1alaron.<\/p>\n<p>Tambi\u00e9n advirtieron sobre el sostenido desempleo femenino, que se mantiene sobre el 11%, afectando directamente a las familias m\u00e1s vulnerables. <\/p>\n<p>\u201cLa calidad de vida est\u00e1 deterior\u00e1ndose y, si no se revierte esta tendencia, \u00d1uble podr\u00eda profundizar sus niveles de pobreza\u201d, afirmaron. <\/p>\n<p>Los diputados llamaron al Gobierno y especialmente a los ministerios de Econom\u00eda y Trabajo a actuar con urgencia para evitar un mayor da\u00f1o social y productivo.<\/p>\n","protected":false},"excerpt":{"rendered":"<p>Los diputados Marta Bravo y Crist\u00f3bal Mart\u00ednez (UDI) manifestaron su preocupaci\u00f3n por el alza del desempleo en \u00d1uble, que alcanz\u00f3 un 10,5% en el trimestre abril-junio de 2025, seg\u00fan inform\u00f3 el Instituto Nacional de Estad\u00edsticas (INE). La cifra ubica a la regi\u00f3n como la de mayor desocupaci\u00f3n del pa\u00eds. Ambos parlamentarios cuestionaron la falta de &hellip;<\/p>\n","protected":false},"author":1,"featured_media":48595,"comment_status":"open","ping_status":"open","sticky":false,"template":"","format":"standard","meta":{"footnotes":""},"categories":[24],"tags":[],"class_list":["post-49231","post","type-post","status-publish","format-standard","has-post-thumbnail","hentry","category-chillan"],"_links":{"self":[{"href":"https:\/\/radionuble.cl\/v1\/wp-json\/wp\/v2\/posts\/49231","targetHints":{"allow":["GET"]}}],"collection":[{"href":"https:\/\/radionuble.cl\/v1\/wp-json\/wp\/v2\/posts"}],"about":[{"href":"https:\/\/radionuble.cl\/v1\/wp-json\/wp\/v2\/types\/post"}],"author":[{"embeddable":true,"href":"https:\/\/radionuble.cl\/v1\/wp-json\/wp\/v2\/users\/1"}],"replies":[{"embeddable":true,"href":"https:\/\/radionuble.cl\/v1\/wp-json\/wp\/v2\/comments?post=49231"}],"version-history":[{"count":1,"href":"https:\/\/radionuble.cl\/v1\/wp-json\/wp\/v2\/posts\/49231\/revisions"}],"predecessor-version":[{"id":49232,"href":"https:\/\/radionuble.cl\/v1\/wp-json\/wp\/v2\/posts\/49231\/revisions\/49232"}],"wp:featuredmedia":[{"embeddable":true,"href":"https:\/\/radionuble.cl\/v1\/wp-json\/wp\/v2\/media\/48595"}],"wp:attachment":[{"href":"https:\/\/radionuble.cl\/v1\/wp-json\/wp\/v2\/media?parent=49231"}],"wp:term":[{"taxonomy":"category","embeddable":true,"href":"https:\/\/radionuble.cl\/v1\/wp-json\/wp\/v2\/categories?post=49231"},{"taxonomy":"post_tag","embeddable":true,"href":"https:\/\/radionuble.cl\/v1\/wp-json\/wp\/v2\/tags?post=49231"}],"curies":[{"name":"wp","href":"https:\/\/api.w.org\/{rel}","templated":true}]}}