{"id":49359,"date":"2025-08-08T13:06:17","date_gmt":"2025-08-08T13:06:17","guid":{"rendered":"https:\/\/radionuble.cl\/v1\/?p=49359"},"modified":"2025-08-08T13:06:17","modified_gmt":"2025-08-08T13:06:17","slug":"helipuerto-del-nuevo-hospital-ya-recibio-su-primer-vuelo","status":"publish","type":"post","link":"https:\/\/radionuble.cl\/v1\/2025\/08\/08\/helipuerto-del-nuevo-hospital-ya-recibio-su-primer-vuelo\/","title":{"rendered":"Helipuerto del nuevo hospital ya recibi\u00f3 su primer vuelo"},"content":{"rendered":"<p>Como parte de las acciones previas a la entrega del nuevo Hospital Regional de \u00d1uble, este jueves se realiz\u00f3 con \u00e9xito la prueba operativa de su helipuerto, infraestructura que permitir\u00e1 realizar traslados aerom\u00e9dicos desde y hacia el recinto asistencial m\u00e1s moderno de la regi\u00f3n.<\/p>\n<p>La actividad fue coordinada por el Servicio de Salud \u00d1uble junto a la Prefectura de Carabineros de \u00d1uble y la Brigada A\u00e9rea de Concepci\u00f3n, con el objetivo de verificar t\u00e9cnicamente el comportamiento y seguridad de la plataforma a\u00e9rea en condiciones reales. La maniobra marca un nuevo hito en el proceso de habilitaci\u00f3n del hospital, que registra un 97% de avance en su construcci\u00f3n.<\/p>\n<p>La directora del Servicio de Salud \u00d1uble, Elizabeth Abarca Trivi\u00f1o, recalc\u00f3 que este paso refuerza el objetivo de entregar una atenci\u00f3n oportuna y de alta complejidad a m\u00e1s de 500 mil habitantes de la regi\u00f3n. \u201cEstamos cada vez m\u00e1s cerca de contar con un hospital que representa un salto hist\u00f3rico en la salud p\u00fablica \u00f1ublensina\u201d, se\u00f1al\u00f3.<\/p>\n<p>Por su parte, la directora del Hospital Cl\u00ednico Herminda Mart\u00edn, Dra. Luz Mar\u00eda Mor\u00e1n, destac\u00f3 que el helipuerto fortalecer\u00e1 la red de emergencias. \u201cPermitir\u00e1 traslados r\u00e1pidos y seguros hacia la nueva urgencia, especialmente en casos de pacientes cr\u00edticos o donaci\u00f3n de \u00f3rganos\u201d, detall\u00f3.<\/p>\n<p>Desde Carabineros, el prefecto (s) de \u00d1uble, teniente coronel Jos\u00e9 Luis Villegas, enfatiz\u00f3 que este tipo de operativos fortalecen la coordinaci\u00f3n interinstitucional ante emergencias, especialmente en una regi\u00f3n donde eventos como incendios forestales o inundaciones requieren respuestas oportunas.<\/p>\n<p>Cabe recordar que en julio pasado, la Direcci\u00f3n General de Aeron\u00e1utica Civil realiz\u00f3 la inspecci\u00f3n t\u00e9cnica del helipuerto, aprobando su infraestructura y condiciones de seguridad. Su activaci\u00f3n definitiva ser\u00e1 parte del proceso de puesta en marcha del nuevo centro de salud, proyectado como el m\u00e1s importante de \u00d1uble.<\/p>\n","protected":false},"excerpt":{"rendered":"<p>Como parte de las acciones previas a la entrega del nuevo Hospital Regional de \u00d1uble, este jueves se realiz\u00f3 con \u00e9xito la prueba operativa de su helipuerto, infraestructura que permitir\u00e1 realizar traslados aerom\u00e9dicos desde y hacia el recinto asistencial m\u00e1s moderno de la regi\u00f3n. La actividad fue coordinada por el Servicio de Salud \u00d1uble junto &hellip;<\/p>\n","protected":false},"author":1,"featured_media":49360,"comment_status":"open","ping_status":"open","sticky":false,"template":"","format":"standard","meta":{"footnotes":""},"categories":[24],"tags":[],"class_list":["post-49359","post","type-post","status-publish","format-standard","has-post-thumbnail","hentry","category-chillan"],"_links":{"self":[{"href":"https:\/\/radionuble.cl\/v1\/wp-json\/wp\/v2\/posts\/49359","targetHints":{"allow":["GET"]}}],"collection":[{"href":"https:\/\/radionuble.cl\/v1\/wp-json\/wp\/v2\/posts"}],"about":[{"href":"https:\/\/radionuble.cl\/v1\/wp-json\/wp\/v2\/types\/post"}],"author":[{"embeddable":true,"href":"https:\/\/radionuble.cl\/v1\/wp-json\/wp\/v2\/users\/1"}],"replies":[{"embeddable":true,"href":"https:\/\/radionuble.cl\/v1\/wp-json\/wp\/v2\/comments?post=49359"}],"version-history":[{"count":1,"href":"https:\/\/radionuble.cl\/v1\/wp-json\/wp\/v2\/posts\/49359\/revisions"}],"predecessor-version":[{"id":49361,"href":"https:\/\/radionuble.cl\/v1\/wp-json\/wp\/v2\/posts\/49359\/revisions\/49361"}],"wp:featuredmedia":[{"embeddable":true,"href":"https:\/\/radionuble.cl\/v1\/wp-json\/wp\/v2\/media\/49360"}],"wp:attachment":[{"href":"https:\/\/radionuble.cl\/v1\/wp-json\/wp\/v2\/media?parent=49359"}],"wp:term":[{"taxonomy":"category","embeddable":true,"href":"https:\/\/radionuble.cl\/v1\/wp-json\/wp\/v2\/categories?post=49359"},{"taxonomy":"post_tag","embeddable":true,"href":"https:\/\/radionuble.cl\/v1\/wp-json\/wp\/v2\/tags?post=49359"}],"curies":[{"name":"wp","href":"https:\/\/api.w.org\/{rel}","templated":true}]}}