{"id":49586,"date":"2025-08-21T15:22:44","date_gmt":"2025-08-21T15:22:44","guid":{"rendered":"https:\/\/radionuble.cl\/v1\/?p=49586"},"modified":"2025-08-21T15:22:44","modified_gmt":"2025-08-21T15:22:44","slug":"municipio-remodela-espacio-publico-para-la-comunidad-de-los-castanos","status":"publish","type":"post","link":"https:\/\/radionuble.cl\/v1\/2025\/08\/21\/municipio-remodela-espacio-publico-para-la-comunidad-de-los-castanos\/","title":{"rendered":"Municipio remodela espacio p\u00fablico para la comunidad de Los Casta\u00f1os"},"content":{"rendered":"<p><strong><em>Una completa intervenci\u00f3n realiza la Direcci\u00f3n de Medio Ambiente, Aseo y Ornato en Villa Los Casta\u00f1os, donde se remodela un espacio para el uso de la comunidad. <\/em><\/strong><\/p>\n<p>Al interior de Villa Los Casta\u00f1os, una cuadrilla municipal de la Direcci\u00f3n de Medio Ambiente, Aseo y Ornato retira las solerillas viejas\u00a0y las reemplaza por adoqu\u00edn y solerillas nuevas, trabajos a los que se sumar\u00e1 pronto la plantaci\u00f3n de especies de bajo consumo h\u00eddrico y el reacondicionamiento de la plaza para el uso y cuidado de la comunidad.<br \/>\nEl alcalde Camilo Benavente valor\u00f3 el despliegue de las cuadrillas de ornato para recuperar espacios p\u00fablicos utilizados com\u00fanmente por la vecindad, donde se instalar\u00e1n especies de bajo consumo h\u00eddrico, tales como pit\u00f3sporo de hoja blanca y lavandas.<br \/>\n\u201cEste es un importante desaf\u00edo que consiste en mejorar la calidad de vida a la comunidad mediante la renovaci\u00f3n de sus \u00e1reas comunes, lugares donde comparten adultos mayores y ni\u00f1os\/as, donde nuestras cuadrillas han demostrado un alto compromiso en generar espacios m\u00e1s acogedores remodelando plazas en barrios, villas y poblaciones\u201d.<br \/>\nA pocos metros de los trabajos de remodelaci\u00f3n, un vecino del sector ubicado al sur de Chill\u00e1n, Sergio Becerra, valora positivamente la intervenci\u00f3n a cargo de la Direcci\u00f3n de Medio Ambiente, Aseo y Ornato Municipal.<br \/>\n\u201cNos parece estupendo, hemos visto bastante preocupaci\u00f3n\u00a0y\u00a0estamos contentos por todas las modificaciones que est\u00e1n haciendo\u00a0para nuestra comunidad, desde donde agradecemos el retiro de residuos, corte el pasto y nuestro entorno\u201d.<\/p>\n<p>&nbsp;<\/p>\n","protected":false},"excerpt":{"rendered":"<p>Una completa intervenci\u00f3n realiza la Direcci\u00f3n de Medio Ambiente, Aseo y Ornato en Villa Los Casta\u00f1os, donde se remodela un espacio para el uso de la comunidad. Al interior de Villa Los Casta\u00f1os, una cuadrilla municipal de la Direcci\u00f3n de Medio Ambiente, Aseo y Ornato retira las solerillas viejas\u00a0y las reemplaza por adoqu\u00edn y solerillas &hellip;<\/p>\n","protected":false},"author":2,"featured_media":49587,"comment_status":"open","ping_status":"open","sticky":false,"template":"","format":"standard","meta":{"footnotes":""},"categories":[1],"tags":[],"class_list":["post-49586","post","type-post","status-publish","format-standard","has-post-thumbnail","hentry","category-uncategorized"],"_links":{"self":[{"href":"https:\/\/radionuble.cl\/v1\/wp-json\/wp\/v2\/posts\/49586","targetHints":{"allow":["GET"]}}],"collection":[{"href":"https:\/\/radionuble.cl\/v1\/wp-json\/wp\/v2\/posts"}],"about":[{"href":"https:\/\/radionuble.cl\/v1\/wp-json\/wp\/v2\/types\/post"}],"author":[{"embeddable":true,"href":"https:\/\/radionuble.cl\/v1\/wp-json\/wp\/v2\/users\/2"}],"replies":[{"embeddable":true,"href":"https:\/\/radionuble.cl\/v1\/wp-json\/wp\/v2\/comments?post=49586"}],"version-history":[{"count":1,"href":"https:\/\/radionuble.cl\/v1\/wp-json\/wp\/v2\/posts\/49586\/revisions"}],"predecessor-version":[{"id":49588,"href":"https:\/\/radionuble.cl\/v1\/wp-json\/wp\/v2\/posts\/49586\/revisions\/49588"}],"wp:featuredmedia":[{"embeddable":true,"href":"https:\/\/radionuble.cl\/v1\/wp-json\/wp\/v2\/media\/49587"}],"wp:attachment":[{"href":"https:\/\/radionuble.cl\/v1\/wp-json\/wp\/v2\/media?parent=49586"}],"wp:term":[{"taxonomy":"category","embeddable":true,"href":"https:\/\/radionuble.cl\/v1\/wp-json\/wp\/v2\/categories?post=49586"},{"taxonomy":"post_tag","embeddable":true,"href":"https:\/\/radionuble.cl\/v1\/wp-json\/wp\/v2\/tags?post=49586"}],"curies":[{"name":"wp","href":"https:\/\/api.w.org\/{rel}","templated":true}]}}