{"id":49631,"date":"2025-08-25T19:51:03","date_gmt":"2025-08-25T19:51:03","guid":{"rendered":"https:\/\/radionuble.cl\/v1\/?p=49631"},"modified":"2025-08-25T19:51:03","modified_gmt":"2025-08-25T19:51:03","slug":"alcalde-apunta-a-carabineros-bajo-amenazas-aceptaron-comercio-ilegal-en-fiesta-de-la-longaniza","status":"publish","type":"post","link":"https:\/\/radionuble.cl\/v1\/2025\/08\/25\/alcalde-apunta-a-carabineros-bajo-amenazas-aceptaron-comercio-ilegal-en-fiesta-de-la-longaniza\/","title":{"rendered":"Alcalde apunta a Carabineros: \u201cbajo amenazas\u201d aceptaron comercio ilegal en Fiesta de la Longaniza"},"content":{"rendered":"<p>La Fiesta de la Longaniza 2025 en Chill\u00e1n cerr\u00f3 con cifras r\u00e9cord de asistencia y ventas, pero tambi\u00e9n con una fuerte controversia: la instalaci\u00f3n de los denominados toldos azules, puestos ambulantes que se instalaron en el Paseo Arauco sin autorizaci\u00f3n formal.<\/p>\n<p>El alcalde Camilo Benavente explic\u00f3 que la situaci\u00f3n fue compleja de manejar y que la autorizaci\u00f3n para su instalaci\u00f3n se adopt\u00f3 tras conversaciones con Carabineros y bajo un clima de amenazas por parte de los vendedores. \u201cA sugerencia de Carabineros, despu\u00e9s de dos retiros, se tom\u00f3 la decisi\u00f3n de permitir la instalaci\u00f3n porque hab\u00eda personas que ven\u00edan de afuera con una condici\u00f3n delictual y era complejo llegar a un acuerdo. Si se forzaba m\u00e1s la situaci\u00f3n, pod\u00eda derivar en un problema grave de seguridad\u201d, se\u00f1al\u00f3.<\/p>\n<p>El edil agreg\u00f3 que, pese a los esfuerzos municipales y de Carabineros, hubo sectores del per\u00edmetro de seguridad que fueron copados por este comercio ambulante, lo que evidenci\u00f3 la dificultad de controlar una pr\u00e1ctica que tambi\u00e9n afecta a otras ciudades del pa\u00eds.<\/p>\n<p>Desde el mundo gremial, la reacci\u00f3n fue inmediata. La Federaci\u00f3n del Comercio y el Turismo de \u00d1uble (Fedecomtur) calific\u00f3 lo sucedido como una \u201cclaudicaci\u00f3n municipal\u201d y advirti\u00f3 que lo ocurrido en Chill\u00e1n sienta un mal precedente para la regi\u00f3n. \u201cEstos toldos fueron retirados no solo una vez, sino dos veces, y la tercera vez la Municipalidad los autoriz\u00f3. Esta claudicaci\u00f3n municipal sienta un grave precedente para las otras comunas de \u00d1uble\u201d, se\u00f1alaron en un comunicado.<\/p>\n<p>Los gremios agrupados en Fedecomtur \u2014entre ellos las c\u00e1maras de comercio de Chill\u00e1n, Quill\u00f3n, San Carlos, Coihueco, Pinto, Yungay, Cobquecura, Bulnes, San Ignacio, El Carmen y San Nicol\u00e1s, adem\u00e1s de asociaciones gastron\u00f3micas y de turismo\u2014 acusaron que el retiro de los vendedores ilegales en Santiago ha generado un desplazamiento de este comercio hacia regiones, situaci\u00f3n que estar\u00eda comenzando a repetirse en \u00d1uble. \u201cCon el comercio callejero ilegal sucede lo mismo: no se puede en Santiago, vamos a regiones\u201d, advirtieron.<\/p>\n<p>Aunque la municipalidad destac\u00f3 el positivo balance del evento, con 200 mil asistentes en tres d\u00edas y ventas estimadas en 2 millones de d\u00f3lares, la pol\u00e9mica por los toldos azules se convirti\u00f3 en la principal sombra de la fiesta, instalando el debate sobre c\u00f3mo compatibilizar la seguridad, el orden y la formalidad en uno de los eventos m\u00e1s masivos del sur de Chile.<\/p>\n","protected":false},"excerpt":{"rendered":"<p>La Fiesta de la Longaniza 2025 en Chill\u00e1n cerr\u00f3 con cifras r\u00e9cord de asistencia y ventas, pero tambi\u00e9n con una fuerte controversia: la instalaci\u00f3n de los denominados toldos azules, puestos ambulantes que se instalaron en el Paseo Arauco sin autorizaci\u00f3n formal. El alcalde Camilo Benavente explic\u00f3 que la situaci\u00f3n fue compleja de manejar y que &hellip;<\/p>\n","protected":false},"author":1,"featured_media":49597,"comment_status":"open","ping_status":"open","sticky":false,"template":"","format":"standard","meta":{"footnotes":""},"categories":[24],"tags":[],"class_list":["post-49631","post","type-post","status-publish","format-standard","has-post-thumbnail","hentry","category-chillan"],"_links":{"self":[{"href":"https:\/\/radionuble.cl\/v1\/wp-json\/wp\/v2\/posts\/49631","targetHints":{"allow":["GET"]}}],"collection":[{"href":"https:\/\/radionuble.cl\/v1\/wp-json\/wp\/v2\/posts"}],"about":[{"href":"https:\/\/radionuble.cl\/v1\/wp-json\/wp\/v2\/types\/post"}],"author":[{"embeddable":true,"href":"https:\/\/radionuble.cl\/v1\/wp-json\/wp\/v2\/users\/1"}],"replies":[{"embeddable":true,"href":"https:\/\/radionuble.cl\/v1\/wp-json\/wp\/v2\/comments?post=49631"}],"version-history":[{"count":1,"href":"https:\/\/radionuble.cl\/v1\/wp-json\/wp\/v2\/posts\/49631\/revisions"}],"predecessor-version":[{"id":49632,"href":"https:\/\/radionuble.cl\/v1\/wp-json\/wp\/v2\/posts\/49631\/revisions\/49632"}],"wp:featuredmedia":[{"embeddable":true,"href":"https:\/\/radionuble.cl\/v1\/wp-json\/wp\/v2\/media\/49597"}],"wp:attachment":[{"href":"https:\/\/radionuble.cl\/v1\/wp-json\/wp\/v2\/media?parent=49631"}],"wp:term":[{"taxonomy":"category","embeddable":true,"href":"https:\/\/radionuble.cl\/v1\/wp-json\/wp\/v2\/categories?post=49631"},{"taxonomy":"post_tag","embeddable":true,"href":"https:\/\/radionuble.cl\/v1\/wp-json\/wp\/v2\/tags?post=49631"}],"curies":[{"name":"wp","href":"https:\/\/api.w.org\/{rel}","templated":true}]}}