{"id":49640,"date":"2025-08-26T13:01:46","date_gmt":"2025-08-26T13:01:46","guid":{"rendered":"https:\/\/radionuble.cl\/v1\/?p=49640"},"modified":"2025-08-26T13:01:46","modified_gmt":"2025-08-26T13:01:46","slug":"valle-las-trancas-se-convierte-en-el-destino-mas-visitado-de-chile","status":"publish","type":"post","link":"https:\/\/radionuble.cl\/v1\/2025\/08\/26\/valle-las-trancas-se-convierte-en-el-destino-mas-visitado-de-chile\/","title":{"rendered":"Valle Las Trancas se convierte en el destino m\u00e1s visitado de Chile"},"content":{"rendered":"<p>El Valle Las Trancas-Termas de Chill\u00e1n volvi\u00f3 a consolidarse como el destino m\u00e1s atractivo del pa\u00eds. <\/p>\n<p>Durante el fin de semana largo de la Asunci\u00f3n de la Virgen, entre el 14 y el 16 de agosto, alcanz\u00f3 una tasa de ocupaci\u00f3n hotelera de 84,4%, liderando la medici\u00f3n nacional de la Encuesta Mensual de Alojamiento Tur\u00edstico (EMAT).<\/p>\n<p>El balance no solo confirma el buen momento del destino cordillerano, sino tambi\u00e9n un crecimiento sostenido. <\/p>\n<p>En comparaci\u00f3n con 2024, la ocupaci\u00f3n subi\u00f3 16,8 puntos, lo que refuerza a Las Trancas como un polo tur\u00edstico estrat\u00e9gico en \u00d1uble. <\/p>\n<p>A nivel pa\u00eds, super\u00f3 a otros destinos de renombre como San Pedro de Atacama (79,2%), Caj\u00f3n del Maipo (76,4%) y Valle de Colchagua (70,5%).<\/p>\n<p>El gobernador regional de \u00d1uble, \u00d3scar Cris\u00f3stomo, destac\u00f3 el logro como una se\u00f1al del trabajo conjunto en promoci\u00f3n y posicionamiento. \u201cEste liderazgo ratifica el esfuerzo por consolidar a \u00d1uble como destino tur\u00edstico de primer nivel. No solo generamos visitantes, tambi\u00e9n impulsamos la econom\u00eda local y proyectamos nuestra identidad regional\u201d, afirm\u00f3.<\/p>\n<p>En la misma l\u00ednea, el director regional de Sernatur \u00d1uble, Augusto Gonz\u00e1lez, recalc\u00f3 que se trata de la tercera medici\u00f3n consecutiva en que Las Trancas encabeza el ranking nacional. <\/p>\n<p>\u201cEste resultado refleja el trabajo colaborativo con municipios, gremios y empresarios, y confirma que el Valle atraviesa un momento clave en su consolidaci\u00f3n como destino\u201d, sostuvo.<\/p>\n<p>Los privados tambi\u00e9n celebraron la noticia. Jos\u00e9 Saavedra, presidente de la C\u00e1mara de Turismo de Valle Las Trancas, se\u00f1al\u00f3 que el \u00e9xito responde al compromiso de la comunidad: \u201cQueremos que cada visitante viva experiencias \u00fanicas en la monta\u00f1a, disfrutando de la naturaleza y la calidez de nuestra gente\u201d.<\/p>\n<p>El positivo escenario se complementa con el aumento de pernoctaciones en \u00d1uble, que alcanzaron 44.168 en junio de 2025, un alza del 13% respecto al a\u00f1o pasado. <\/p>\n<p>Otros destinos tambi\u00e9n registraron alzas, como Cobquecura (20,2%), Chill\u00e1n-Chill\u00e1n Viejo (45%) y Quill\u00f3n (21,2%), lo que confirma un dinamismo regional en alza.<\/p>\n<p>Con estos resultados, \u00d1uble se posiciona como uno de los nuevos motores del turismo nacional, con el Valle Las Trancas a la cabeza como destino consolidado para disfrutar de la monta\u00f1a durante todo el a\u00f1o.<\/p>\n","protected":false},"excerpt":{"rendered":"<p>El Valle Las Trancas-Termas de Chill\u00e1n volvi\u00f3 a consolidarse como el destino m\u00e1s atractivo del pa\u00eds. Durante el fin de semana largo de la Asunci\u00f3n de la Virgen, entre el 14 y el 16 de agosto, alcanz\u00f3 una tasa de ocupaci\u00f3n hotelera de 84,4%, liderando la medici\u00f3n nacional de la Encuesta Mensual de Alojamiento Tur\u00edstico &hellip;<\/p>\n","protected":false},"author":1,"featured_media":49641,"comment_status":"open","ping_status":"open","sticky":false,"template":"","format":"standard","meta":{"footnotes":""},"categories":[25],"tags":[],"class_list":["post-49640","post","type-post","status-publish","format-standard","has-post-thumbnail","hentry","category-nuble"],"_links":{"self":[{"href":"https:\/\/radionuble.cl\/v1\/wp-json\/wp\/v2\/posts\/49640","targetHints":{"allow":["GET"]}}],"collection":[{"href":"https:\/\/radionuble.cl\/v1\/wp-json\/wp\/v2\/posts"}],"about":[{"href":"https:\/\/radionuble.cl\/v1\/wp-json\/wp\/v2\/types\/post"}],"author":[{"embeddable":true,"href":"https:\/\/radionuble.cl\/v1\/wp-json\/wp\/v2\/users\/1"}],"replies":[{"embeddable":true,"href":"https:\/\/radionuble.cl\/v1\/wp-json\/wp\/v2\/comments?post=49640"}],"version-history":[{"count":1,"href":"https:\/\/radionuble.cl\/v1\/wp-json\/wp\/v2\/posts\/49640\/revisions"}],"predecessor-version":[{"id":49642,"href":"https:\/\/radionuble.cl\/v1\/wp-json\/wp\/v2\/posts\/49640\/revisions\/49642"}],"wp:featuredmedia":[{"embeddable":true,"href":"https:\/\/radionuble.cl\/v1\/wp-json\/wp\/v2\/media\/49641"}],"wp:attachment":[{"href":"https:\/\/radionuble.cl\/v1\/wp-json\/wp\/v2\/media?parent=49640"}],"wp:term":[{"taxonomy":"category","embeddable":true,"href":"https:\/\/radionuble.cl\/v1\/wp-json\/wp\/v2\/categories?post=49640"},{"taxonomy":"post_tag","embeddable":true,"href":"https:\/\/radionuble.cl\/v1\/wp-json\/wp\/v2\/tags?post=49640"}],"curies":[{"name":"wp","href":"https:\/\/api.w.org\/{rel}","templated":true}]}}