{"id":49678,"date":"2025-08-27T22:15:44","date_gmt":"2025-08-27T22:15:44","guid":{"rendered":"https:\/\/radionuble.cl\/v1\/?p=49678"},"modified":"2025-08-27T22:17:19","modified_gmt":"2025-08-27T22:17:19","slug":"oferta-de-trabajo-6","status":"publish","type":"post","link":"https:\/\/radionuble.cl\/v1\/2025\/08\/27\/oferta-de-trabajo-6\/","title":{"rendered":"Oferta de trabajo"},"content":{"rendered":"<p>Se necesita contratar vendedor o vendedora para local de productos electr\u00f3nicos\u00a0 ubicado en galer\u00eda comercial del sector c\u00e9ntrico de Chill\u00e1n. Contactarse al celular 966 953 260<\/p>\n","protected":false},"excerpt":{"rendered":"<p>Se necesita contratar vendedor o vendedora para local de productos electr\u00f3nicos\u00a0 ubicado en galer\u00eda comercial del sector c\u00e9ntrico de Chill\u00e1n. Contactarse al celular 966 953 260<\/p>\n","protected":false},"author":3,"featured_media":0,"comment_status":"open","ping_status":"open","sticky":false,"template":"","format":"standard","meta":{"footnotes":""},"categories":[1],"tags":[],"class_list":["post-49678","post","type-post","status-publish","format-standard","hentry","category-uncategorized"],"_links":{"self":[{"href":"https:\/\/radionuble.cl\/v1\/wp-json\/wp\/v2\/posts\/49678","targetHints":{"allow":["GET"]}}],"collection":[{"href":"https:\/\/radionuble.cl\/v1\/wp-json\/wp\/v2\/posts"}],"about":[{"href":"https:\/\/radionuble.cl\/v1\/wp-json\/wp\/v2\/types\/post"}],"author":[{"embeddable":true,"href":"https:\/\/radionuble.cl\/v1\/wp-json\/wp\/v2\/users\/3"}],"replies":[{"embeddable":true,"href":"https:\/\/radionuble.cl\/v1\/wp-json\/wp\/v2\/comments?post=49678"}],"version-history":[{"count":1,"href":"https:\/\/radionuble.cl\/v1\/wp-json\/wp\/v2\/posts\/49678\/revisions"}],"predecessor-version":[{"id":49679,"href":"https:\/\/radionuble.cl\/v1\/wp-json\/wp\/v2\/posts\/49678\/revisions\/49679"}],"wp:attachment":[{"href":"https:\/\/radionuble.cl\/v1\/wp-json\/wp\/v2\/media?parent=49678"}],"wp:term":[{"taxonomy":"category","embeddable":true,"href":"https:\/\/radionuble.cl\/v1\/wp-json\/wp\/v2\/categories?post=49678"},{"taxonomy":"post_tag","embeddable":true,"href":"https:\/\/radionuble.cl\/v1\/wp-json\/wp\/v2\/tags?post=49678"}],"curies":[{"name":"wp","href":"https:\/\/api.w.org\/{rel}","templated":true}]}}