{"id":49748,"date":"2025-09-01T15:59:39","date_gmt":"2025-09-01T15:59:39","guid":{"rendered":"https:\/\/radionuble.cl\/v1\/?p=49748"},"modified":"2025-09-01T16:01:24","modified_gmt":"2025-09-01T16:01:24","slug":"san-carlos-obras-de-paseo-peatonal-de-calle-serrano-llevan-un-70-de-avance","status":"publish","type":"post","link":"https:\/\/radionuble.cl\/v1\/2025\/09\/01\/san-carlos-obras-de-paseo-peatonal-de-calle-serrano-llevan-un-70-de-avance\/","title":{"rendered":"San Carlos: Obras de Paseo Peatonal de Calle Serrano llevan un 70% de avance"},"content":{"rendered":"<p dir=\"ltr\">La Municipalidad de San Carlos junto a Seviu informaron que las obras del\u00a0Paseo Peatonal de calle Serrano\u00a0ya alcanzan un\u00a070 % de avance, marcando un importante hito en la modernizaci\u00f3n urbana del centro de la comuna.<\/p>\n<p dir=\"ltr\">La iniciativa, ejecutada por la\u00a0Constructora Ecogam, contempla una inversi\u00f3n de\u00a0$1.569.965.621\u00a0con un plazo de ejecuci\u00f3n de\u00a0270 d\u00edas\u00a0y es financiada a trav\u00e9s de recursos\u00a0Sectoriales. Este proyecto se extiende desde\u00a0calle Balmaceda hasta calle Gazmuri, en el marco de una\u00a0iniciativa piloto impulsada por el Ministerio de Vivienda y Urbanismo (MINVU).<\/p>\n<p dir=\"ltr\">Durante esta jornada, el alcalde\u00a0Rub\u00e9n M\u00e9ndez, en compa\u00f1\u00eda del director regional de SERVIU,\u00a0Roberto Grand\u00f3n, recorrieron las obras para constatar en terreno los trabajos y dialogar con el equipo t\u00e9cnico a cargo de la ejecuci\u00f3n.<\/p>\n<p dir=\"ltr\">En la instancia, el jefe comunal valor\u00f3 el impacto que tendr\u00e1 esta obra en el centro de la comuna, destacando que \u201cestamos muy contentos porque la obra ya presenta un 70% de avance y significar\u00e1 un cambio importante para el centro de San Carlos. Sabemos que en el proceso se han generado algunas dificultades viales, propias de una intervenci\u00f3n de esta magnitud, pero estamos convencidos de que todo habr\u00e1 valido la pena. Esta inversi\u00f3n no solo moderniza nuestro centro, sino que tambi\u00e9n nos da infraestructura de calidad que distingue a San Carlos y la consolida como capital provincial.\u201d<\/p>\n<audio class=\"wp-audio-shortcode\" id=\"audio-49748-1\" preload=\"none\" style=\"width: 100%;\" controls=\"controls\"><source type=\"audio\/mpeg\" src=\"https:\/\/radionuble.cl\/v1\/wp-content\/uploads\/2025\/09\/Ruben-Mendez-alcalde-de-San-Carlos.mp3?_=1\" \/><a href=\"https:\/\/radionuble.cl\/v1\/wp-content\/uploads\/2025\/09\/Ruben-Mendez-alcalde-de-San-Carlos.mp3\">https:\/\/radionuble.cl\/v1\/wp-content\/uploads\/2025\/09\/Ruben-Mendez-alcalde-de-San-Carlos.mp3<\/a><\/audio>\n<p dir=\"ltr\">Por su parte, el director de SERVIU, Roberto Grand\u00f3n, resalt\u00f3 que esta intervenci\u00f3n \u201cmejorar\u00e1 considerablemente el tr\u00e1nsito peatonal, ya que ampl\u00eda las veredas y convierte el sector en una ruta mucho m\u00e1s amigable para los peatones. Estamos realizando una visita junto al alcalde a las obras de las rutas peatonales de San Carlos, espec\u00edficamente en calle Serrano, constatando el avance y la calidad de los trabajos.\u201d<\/p>\n<audio class=\"wp-audio-shortcode\" id=\"audio-49748-2\" preload=\"none\" style=\"width: 100%;\" controls=\"controls\"><source type=\"audio\/mpeg\" src=\"https:\/\/radionuble.cl\/v1\/wp-content\/uploads\/2025\/09\/Roberto-Grandon-Director-de-Serviu-Nuble.mp3?_=2\" \/><a href=\"https:\/\/radionuble.cl\/v1\/wp-content\/uploads\/2025\/09\/Roberto-Grandon-Director-de-Serviu-Nuble.mp3\">https:\/\/radionuble.cl\/v1\/wp-content\/uploads\/2025\/09\/Roberto-Grandon-Director-de-Serviu-Nuble.mp3<\/a><\/audio>\n<p dir=\"ltr\">\ud835\udde0\ud835\uddf2\ud835\uddf7\ud835\uddfc\ud835\uddff\ud835\uddee\ud835\ude00\u00a0\ud835\uddf0\ud835\uddfc\ud835\uddfb\ud835\ude01\ud835\uddf2\ud835\uddfa\ud835\uddfd\ud835\uddf9\ud835\uddee\ud835\uddf1\ud835\uddee\ud835\ude00<\/p>\n<ul>\n<li dir=\"ltr\">\n<p dir=\"ltr\" role=\"presentation\">Mejoramiento de veredas, ampliadas y renovadas para el tr\u00e1nsito seguro de peatones.<\/p>\n<\/li>\n<li dir=\"ltr\">\n<p dir=\"ltr\" role=\"presentation\">Nueva iluminaci\u00f3n p\u00fablica, que aumentar\u00e1 la seguridad y visibilidad en horarios nocturnos.<\/p>\n<\/li>\n<li dir=\"ltr\">\n<p dir=\"ltr\" role=\"presentation\">Pavimentos t\u00e1ctiles, facilitando el desplazamiento de personas con discapacidad visual.<\/p>\n<\/li>\n<li dir=\"ltr\">\n<p dir=\"ltr\" role=\"presentation\">Arborizaci\u00f3n, que aportar\u00e1 frescura y un entorno m\u00e1s amigable.<\/p>\n<\/li>\n<li dir=\"ltr\">\n<p dir=\"ltr\" role=\"presentation\">Accesibilidad universal, cumpliendo con la Ordenanza General de Urbanismo y Construcciones (OGUC) y los est\u00e1ndares de inclusi\u00f3n.<\/p>\n<\/li>\n<\/ul>\n<p dir=\"ltr\">Con estos avances, San Carlos se encamina a contar con un paseo peatonal moderno, inclusivo y sustentable, que mejorar\u00e1 tanto la seguridad como la calidad de vida de los vecinos y vecinas.<\/p>\n","protected":false},"excerpt":{"rendered":"<p>La Municipalidad de San Carlos junto a Seviu informaron que las obras del\u00a0Paseo Peatonal de calle Serrano\u00a0ya alcanzan un\u00a070 % de avance, marcando un importante hito en la modernizaci\u00f3n urbana del centro de la comuna. La iniciativa, ejecutada por la\u00a0Constructora Ecogam, contempla una inversi\u00f3n de\u00a0$1.569.965.621\u00a0con un plazo de ejecuci\u00f3n de\u00a0270 d\u00edas\u00a0y es financiada a trav\u00e9s &hellip;<\/p>\n","protected":false},"author":5,"featured_media":49750,"comment_status":"open","ping_status":"open","sticky":false,"template":"","format":"standard","meta":{"footnotes":""},"categories":[33,25,188,1],"tags":[],"class_list":["post-49748","post","type-post","status-publish","format-standard","has-post-thumbnail","hentry","category-noticias","category-nuble","category-portada","category-uncategorized"],"_links":{"self":[{"href":"https:\/\/radionuble.cl\/v1\/wp-json\/wp\/v2\/posts\/49748","targetHints":{"allow":["GET"]}}],"collection":[{"href":"https:\/\/radionuble.cl\/v1\/wp-json\/wp\/v2\/posts"}],"about":[{"href":"https:\/\/radionuble.cl\/v1\/wp-json\/wp\/v2\/types\/post"}],"author":[{"embeddable":true,"href":"https:\/\/radionuble.cl\/v1\/wp-json\/wp\/v2\/users\/5"}],"replies":[{"embeddable":true,"href":"https:\/\/radionuble.cl\/v1\/wp-json\/wp\/v2\/comments?post=49748"}],"version-history":[{"count":3,"href":"https:\/\/radionuble.cl\/v1\/wp-json\/wp\/v2\/posts\/49748\/revisions"}],"predecessor-version":[{"id":49754,"href":"https:\/\/radionuble.cl\/v1\/wp-json\/wp\/v2\/posts\/49748\/revisions\/49754"}],"wp:featuredmedia":[{"embeddable":true,"href":"https:\/\/radionuble.cl\/v1\/wp-json\/wp\/v2\/media\/49750"}],"wp:attachment":[{"href":"https:\/\/radionuble.cl\/v1\/wp-json\/wp\/v2\/media?parent=49748"}],"wp:term":[{"taxonomy":"category","embeddable":true,"href":"https:\/\/radionuble.cl\/v1\/wp-json\/wp\/v2\/categories?post=49748"},{"taxonomy":"post_tag","embeddable":true,"href":"https:\/\/radionuble.cl\/v1\/wp-json\/wp\/v2\/tags?post=49748"}],"curies":[{"name":"wp","href":"https:\/\/api.w.org\/{rel}","templated":true}]}}