{"id":49764,"date":"2025-09-01T21:26:24","date_gmt":"2025-09-01T21:26:24","guid":{"rendered":"https:\/\/radionuble.cl\/v1\/?p=49764"},"modified":"2025-09-01T21:26:24","modified_gmt":"2025-09-01T21:26:24","slug":"pasaron-agosto-adultos-mayores-celebraron-tradicion-en-la-plaza-de-armas-de-chillan","status":"publish","type":"post","link":"https:\/\/radionuble.cl\/v1\/2025\/09\/01\/pasaron-agosto-adultos-mayores-celebraron-tradicion-en-la-plaza-de-armas-de-chillan\/","title":{"rendered":"\u00a1Pasaron agosto! Adultos mayores celebraron tradici\u00f3n en la Plaza de Armas de Chill\u00e1n"},"content":{"rendered":"<p>Cada 1 de septiembre, la Plaza de Armas de Chill\u00e1n se convierte en escenario de una de las celebraciones m\u00e1s emblem\u00e1ticas de la ciudad: la tradicional \u201cpasada de agosto\u201d. <\/p>\n<p>Se trata de una costumbre nacida en \u00d1uble que simboliza haber superado el mes m\u00e1s fr\u00edo y dif\u00edcil del a\u00f1o, y que con los a\u00f1os se transform\u00f3 en un encuentro de identidad local, que luego comenz\u00f3 a replicarse en otras ciudades de Chile.<\/p>\n<p>El origen de esta conmemoraci\u00f3n se remonta a fines de la d\u00e9cada de los 80, cuando un grupo de adultos mayores chillanejos se organiz\u00f3 para festejar de manera simb\u00f3lica haber \u201csobrevivido a agosto\u201d, mes hist\u00f3ricamente asociado a enfermedades, mortalidad y precariedad en la poblaci\u00f3n de mayor edad. <\/p>\n<p>Con el tiempo, la iniciativa deriv\u00f3 en la creaci\u00f3n de la agrupaci\u00f3n Muchachos de Agosto, que hasta hoy mantiene viva la tradici\u00f3n en coordinaci\u00f3n con la Municipalidad de Chill\u00e1n.<\/p>\n<p>El evento re\u00fane cada a\u00f1o a cientos de personas en pleno centro de la ciudad, donde se instalan presentaciones art\u00edsticas, m\u00fasica en vivo, folclore, comidas t\u00edpicas y la infaltable chicha en cacho, que simboliza el inicio de un nuevo ciclo. <\/p>\n<p>El momento m\u00e1s esperado se vive al mediod\u00eda, cuando las campanas de la Catedral marcan el instante en que todos los asistentes se funden en un abrazo comunitario, celebrando la vida y la fraternidad.<\/p>\n<p>El alcalde de Chill\u00e1n, Camilo Benavente, destac\u00f3 el origen local del festejo y la posibilidad de reunir a los adultos mayores de Chill\u00e1n, bajo una consigna afectiva y solidaria.<\/p>\n<p>M\u00e1s all\u00e1 de la fiesta, el jefe comunal recalc\u00f3 la importancia de fortalecer pol\u00edticas p\u00fablicas para los adultos mayores, recordando que Chile es un pa\u00eds que envejece aceleradamente y que la infraestructura urbana debe adaptarse a esta nueva realidad.<\/p>\n<audio class=\"wp-audio-shortcode\" id=\"audio-49764-1\" preload=\"none\" style=\"width: 100%;\" controls=\"controls\"><source type=\"audio\/mpeg\" src=\"https:\/\/radionuble.cl\/v1\/wp-content\/uploads\/2025\/09\/CUNA-MUCHACHOS-CAMILO.mp3?_=1\" \/><a href=\"https:\/\/radionuble.cl\/v1\/wp-content\/uploads\/2025\/09\/CUNA-MUCHACHOS-CAMILO.mp3\">https:\/\/radionuble.cl\/v1\/wp-content\/uploads\/2025\/09\/CUNA-MUCHACHOS-CAMILO.mp3<\/a><\/audio>\n<p>En tanto, Juan Canales, presidente de la agrupaci\u00f3n Muchachos de Agosto, se\u00f1al\u00f3 que existen 70 socios actualmente que no s\u00f3lo trabajan en esta actividad, sino tambi\u00e9n en otras asociadas a la solidaridad y el sentimiento de comunidad local.<\/p>\n<audio class=\"wp-audio-shortcode\" id=\"audio-49764-2\" preload=\"none\" style=\"width: 100%;\" controls=\"controls\"><source type=\"audio\/mpeg\" src=\"https:\/\/radionuble.cl\/v1\/wp-content\/uploads\/2025\/09\/CUNA-MUCHACHOS-CANALES.mp3?_=2\" \/><a href=\"https:\/\/radionuble.cl\/v1\/wp-content\/uploads\/2025\/09\/CUNA-MUCHACHOS-CANALES.mp3\">https:\/\/radionuble.cl\/v1\/wp-content\/uploads\/2025\/09\/CUNA-MUCHACHOS-CANALES.mp3<\/a><\/audio>\n<p>Hoy, la \u201cpasada de agosto\u201d en Chill\u00e1n no solo es una fiesta popular, sino tambi\u00e9n un ejemplo de c\u00f3mo la organizaci\u00f3n comunitaria puede transformar una tradici\u00f3n en un s\u00edmbolo regional y nacional.<\/p>\n<p>La cita refuerza la idea de que en la fraternidad, la memoria y la gratitud est\u00e1 la fuerza de las comunidades para proyectarse al futuro.<\/p>\n","protected":false},"excerpt":{"rendered":"<p>Cada 1 de septiembre, la Plaza de Armas de Chill\u00e1n se convierte en escenario de una de las celebraciones m\u00e1s emblem\u00e1ticas de la ciudad: la tradicional \u201cpasada de agosto\u201d. Se trata de una costumbre nacida en \u00d1uble que simboliza haber superado el mes m\u00e1s fr\u00edo y dif\u00edcil del a\u00f1o, y que con los a\u00f1os se &hellip;<\/p>\n","protected":false},"author":1,"featured_media":49767,"comment_status":"open","ping_status":"open","sticky":false,"template":"","format":"standard","meta":{"footnotes":""},"categories":[24],"tags":[],"class_list":["post-49764","post","type-post","status-publish","format-standard","has-post-thumbnail","hentry","category-chillan"],"_links":{"self":[{"href":"https:\/\/radionuble.cl\/v1\/wp-json\/wp\/v2\/posts\/49764","targetHints":{"allow":["GET"]}}],"collection":[{"href":"https:\/\/radionuble.cl\/v1\/wp-json\/wp\/v2\/posts"}],"about":[{"href":"https:\/\/radionuble.cl\/v1\/wp-json\/wp\/v2\/types\/post"}],"author":[{"embeddable":true,"href":"https:\/\/radionuble.cl\/v1\/wp-json\/wp\/v2\/users\/1"}],"replies":[{"embeddable":true,"href":"https:\/\/radionuble.cl\/v1\/wp-json\/wp\/v2\/comments?post=49764"}],"version-history":[{"count":1,"href":"https:\/\/radionuble.cl\/v1\/wp-json\/wp\/v2\/posts\/49764\/revisions"}],"predecessor-version":[{"id":49768,"href":"https:\/\/radionuble.cl\/v1\/wp-json\/wp\/v2\/posts\/49764\/revisions\/49768"}],"wp:featuredmedia":[{"embeddable":true,"href":"https:\/\/radionuble.cl\/v1\/wp-json\/wp\/v2\/media\/49767"}],"wp:attachment":[{"href":"https:\/\/radionuble.cl\/v1\/wp-json\/wp\/v2\/media?parent=49764"}],"wp:term":[{"taxonomy":"category","embeddable":true,"href":"https:\/\/radionuble.cl\/v1\/wp-json\/wp\/v2\/categories?post=49764"},{"taxonomy":"post_tag","embeddable":true,"href":"https:\/\/radionuble.cl\/v1\/wp-json\/wp\/v2\/tags?post=49764"}],"curies":[{"name":"wp","href":"https:\/\/api.w.org\/{rel}","templated":true}]}}