{"id":49787,"date":"2025-09-02T13:50:20","date_gmt":"2025-09-02T13:50:20","guid":{"rendered":"https:\/\/radionuble.cl\/v1\/?p=49787"},"modified":"2025-09-02T13:50:20","modified_gmt":"2025-09-02T13:50:20","slug":"familia-pinera-se-vuelca-con-evelyn-matthei-en-relanzamiento-de-su-campana-presidencial","status":"publish","type":"post","link":"https:\/\/radionuble.cl\/v1\/2025\/09\/02\/familia-pinera-se-vuelca-con-evelyn-matthei-en-relanzamiento-de-su-campana-presidencial\/","title":{"rendered":"Familia Pi\u00f1era se vuelca con Evelyn Matthei en relanzamiento de su campa\u00f1a presidencial"},"content":{"rendered":"<p>Evelyn Matthei dio un fuerte golpe en la carrera a La Moneda tras relanzar su campa\u00f1a con el apoyo total de la familia del expresidente Sebasti\u00e1n Pi\u00f1era y de Chile Vamos. <\/p>\n<p>El encuentro, realizado la noche de este lunes, reuni\u00f3 a parlamentarios, exautoridades y dirigentes de Amarillos y Dem\u00f3cratas bajo el nuevo lema \u201cChile, un solo equipo\u201d.<\/p>\n<p>Cecilia Morel y su hija Magdalena Pi\u00f1era entregaron un respaldo directo a Matthei, se\u00f1alando que el pi\u00f1erismo trasciende a su familia y que la candidata es la mejor opci\u00f3n para Chile. <\/p>\n<p>\u201cNunca hemos tenido dudas de apoyarla\u201d, afirm\u00f3 la hija mayor del exmandatario. Pablo Pi\u00f1era, en tanto, agreg\u00f3: \u201cElla encarna el mejor proyecto para los pr\u00f3ximos cuatro a\u00f1os\u201d.<\/p>\n<p>En el acto, Matthei agradeci\u00f3 el apoyo transversal y advirti\u00f3 que el pa\u00eds no debe caer en \u201cdemagogias extremas\u201d. Desde la UDI, el presidente Guillermo Ram\u00edrez confirm\u00f3 la sinton\u00eda total con su candidatura y adelant\u00f3 que la franja electoral ya est\u00e1 lista. <\/p>\n<p>Exministros como Rodrigo Ubilla y l\u00edderes como Ximena Rinc\u00f3n y Mario Desbordes destacaron que la candidatura de Matthei va m\u00e1s all\u00e1 del pi\u00f1erismo y busca convocar a todo el 62% que rechaz\u00f3 la propuesta constitucional.<\/p>\n","protected":false},"excerpt":{"rendered":"<p>Evelyn Matthei dio un fuerte golpe en la carrera a La Moneda tras relanzar su campa\u00f1a con el apoyo total de la familia del expresidente Sebasti\u00e1n Pi\u00f1era y de Chile Vamos. El encuentro, realizado la noche de este lunes, reuni\u00f3 a parlamentarios, exautoridades y dirigentes de Amarillos y Dem\u00f3cratas bajo el nuevo lema \u201cChile, un &hellip;<\/p>\n","protected":false},"author":1,"featured_media":49788,"comment_status":"open","ping_status":"open","sticky":false,"template":"","format":"standard","meta":{"footnotes":""},"categories":[26],"tags":[],"class_list":["post-49787","post","type-post","status-publish","format-standard","has-post-thumbnail","hentry","category-pais"],"_links":{"self":[{"href":"https:\/\/radionuble.cl\/v1\/wp-json\/wp\/v2\/posts\/49787","targetHints":{"allow":["GET"]}}],"collection":[{"href":"https:\/\/radionuble.cl\/v1\/wp-json\/wp\/v2\/posts"}],"about":[{"href":"https:\/\/radionuble.cl\/v1\/wp-json\/wp\/v2\/types\/post"}],"author":[{"embeddable":true,"href":"https:\/\/radionuble.cl\/v1\/wp-json\/wp\/v2\/users\/1"}],"replies":[{"embeddable":true,"href":"https:\/\/radionuble.cl\/v1\/wp-json\/wp\/v2\/comments?post=49787"}],"version-history":[{"count":1,"href":"https:\/\/radionuble.cl\/v1\/wp-json\/wp\/v2\/posts\/49787\/revisions"}],"predecessor-version":[{"id":49789,"href":"https:\/\/radionuble.cl\/v1\/wp-json\/wp\/v2\/posts\/49787\/revisions\/49789"}],"wp:featuredmedia":[{"embeddable":true,"href":"https:\/\/radionuble.cl\/v1\/wp-json\/wp\/v2\/media\/49788"}],"wp:attachment":[{"href":"https:\/\/radionuble.cl\/v1\/wp-json\/wp\/v2\/media?parent=49787"}],"wp:term":[{"taxonomy":"category","embeddable":true,"href":"https:\/\/radionuble.cl\/v1\/wp-json\/wp\/v2\/categories?post=49787"},{"taxonomy":"post_tag","embeddable":true,"href":"https:\/\/radionuble.cl\/v1\/wp-json\/wp\/v2\/tags?post=49787"}],"curies":[{"name":"wp","href":"https:\/\/api.w.org\/{rel}","templated":true}]}}