{"id":50163,"date":"2025-09-27T13:27:31","date_gmt":"2025-09-27T13:27:31","guid":{"rendered":"https:\/\/radionuble.cl\/v1\/?p=50163"},"modified":"2025-09-27T13:27:31","modified_gmt":"2025-09-27T13:27:31","slug":"nuble-ejemplo-nacional-969-de-inmunizacion-vrs-y-reconocimiento-del-minsal","status":"publish","type":"post","link":"https:\/\/radionuble.cl\/v1\/2025\/09\/27\/nuble-ejemplo-nacional-969-de-inmunizacion-vrs-y-reconocimiento-del-minsal\/","title":{"rendered":"\u00d1uble, ejemplo nacional: 96,9% de inmunizaci\u00f3n VRS y reconocimiento del Minsal"},"content":{"rendered":"<p>La <strong>regi\u00f3n de \u00d1uble<\/strong> fue reconocida a nivel nacional por el <strong>Ministerio de Salud<\/strong> por su desempe\u00f1o en la <strong>campa\u00f1a contra los virus respiratorios<\/strong>. <\/p>\n<p>Durante la ceremonia de cierre, se destac\u00f3 el trabajo de los equipos locales que permiti\u00f3 una respuesta oportuna y efectiva y una <strong>alta cobertura de inmunizaci\u00f3n<\/strong> con <strong>Nirsevimab<\/strong> para prevenir cuadros graves por VRS en lactantes.<\/p>\n<h3>\u00bfQu\u00e9 se reconoci\u00f3 y por qu\u00e9 importa?<\/h3>\n<p>Seg\u00fan el Minsal, <strong>\u00d1uble<\/strong> implement\u00f3 un despliegue integral que incluy\u00f3 vacunaci\u00f3n al alta hospitalaria, operativos a domicilio y recordatorios a los grupos objetivo. <\/p>\n<p>La <strong>ministra de Salud<\/strong>, <strong>Dra. Ximena Aguilera<\/strong>, valor\u00f3 que la planificaci\u00f3n permiti\u00f3 anticiparse al alza estacional: adelantaron la vacunaci\u00f3n contra la Influenza al 1 de marzo y <strong>\u201cvamos a incorporar los anticuerpos para el VRS<\/strong>, que han permitido tener dos inviernos sin fallecidos en menores de un a\u00f1o, un logro reconocido incluso a nivel mundial\u201d, afirm\u00f3.<\/p>\n<h3>Las cifras en \u00d1uble<\/h3>\n<p>El <strong>seremi (s) de Salud<\/strong>, <strong>Gustavo Rojas Medina<\/strong>, precis\u00f3 que por segundo a\u00f1o consecutivo la regi\u00f3n alcanz\u00f3 cobertura hist\u00f3rica de inmunizaci\u00f3n contra VRS: <strong>96,9% de la poblaci\u00f3n objetivo.<\/strong><br \/>\n\u201cEs fruto del trabajo de los equipos de salud y de la red asistencial, que han protegido a todos los beb\u00e9s nacidos desde el 1 de octubre de 2024\u201d, se\u00f1al\u00f3.<\/p>\n<h3>Vocer\u00edas y reconocimiento al trabajo en red<\/h3>\n<p>El <strong>subsecretario de Redes Asistenciales<\/strong>, <strong>Dr. Bernardo Martorell<\/strong>, recalc\u00f3 que el Servicio de Salud \u00d1uble fue destacado y premiado por sus resultados de vacunaci\u00f3n: \u201cEstamos orgullosos por el trabajo desplegado en atenci\u00f3n primaria y hospitalaria, sobre todo en periodos m\u00e1s dif\u00edciles\u201d.<\/p>\n<p>En la misma l\u00ednea, la directora del <strong>Servicio de Salud \u00d1uble<\/strong>, <strong>Elizabeth Abarca Trivi\u00f1o<\/strong>, subray\u00f3 que la regi\u00f3n se ubic\u00f3 entre los cinco primeros lugares de cobertura en el pa\u00eds: \u201cNuestra prioridad es acercar la salud a todas y todos. Agradecemos a los equipos por su vocaci\u00f3n y llamamos a la comunidad a seguir sum\u00e1ndose a estas iniciativas\u201d. <\/p>\n<p>Agreg\u00f3 que \u201clos n\u00fameros hablan por s\u00ed solos: <strong>ninguna muerte registrada por VRS en menores de un a\u00f1o<\/strong>\u201d, lo que impulsa a mantener el esfuerzo.<\/p>\n<h3>La ceremonia y los pr\u00f3ximos pasos<\/h3>\n<p>El acto se realiz\u00f3 en el <strong>Hospital Cl\u00ednico Metropolitano de La Florida Dra. Elo\u00edsa D\u00edaz<\/strong>, con la presencia de las subsecretar\u00edas de <strong>Salud P\u00fablica y Redes Asistenciales<\/strong>, representantes de la OPS, parlamentarios y autoridades de servicios y seremis. <\/p>\n<p>Desde \u00d1uble adelantaron que reforzar\u00e1n la b\u00fasqueda activa y el acompa\u00f1amiento a familias para mantener los buenos resultados en la pr\u00f3xima temporada.<\/p>\n","protected":false},"excerpt":{"rendered":"<p>La regi\u00f3n de \u00d1uble fue reconocida a nivel nacional por el Ministerio de Salud por su desempe\u00f1o en la campa\u00f1a contra los virus respiratorios. Durante la ceremonia de cierre, se destac\u00f3 el trabajo de los equipos locales que permiti\u00f3 una respuesta oportuna y efectiva y una alta cobertura de inmunizaci\u00f3n con Nirsevimab para prevenir cuadros &hellip;<\/p>\n","protected":false},"author":1,"featured_media":48932,"comment_status":"open","ping_status":"open","sticky":false,"template":"","format":"standard","meta":{"footnotes":""},"categories":[25],"tags":[],"class_list":["post-50163","post","type-post","status-publish","format-standard","has-post-thumbnail","hentry","category-nuble"],"_links":{"self":[{"href":"https:\/\/radionuble.cl\/v1\/wp-json\/wp\/v2\/posts\/50163","targetHints":{"allow":["GET"]}}],"collection":[{"href":"https:\/\/radionuble.cl\/v1\/wp-json\/wp\/v2\/posts"}],"about":[{"href":"https:\/\/radionuble.cl\/v1\/wp-json\/wp\/v2\/types\/post"}],"author":[{"embeddable":true,"href":"https:\/\/radionuble.cl\/v1\/wp-json\/wp\/v2\/users\/1"}],"replies":[{"embeddable":true,"href":"https:\/\/radionuble.cl\/v1\/wp-json\/wp\/v2\/comments?post=50163"}],"version-history":[{"count":1,"href":"https:\/\/radionuble.cl\/v1\/wp-json\/wp\/v2\/posts\/50163\/revisions"}],"predecessor-version":[{"id":50164,"href":"https:\/\/radionuble.cl\/v1\/wp-json\/wp\/v2\/posts\/50163\/revisions\/50164"}],"wp:featuredmedia":[{"embeddable":true,"href":"https:\/\/radionuble.cl\/v1\/wp-json\/wp\/v2\/media\/48932"}],"wp:attachment":[{"href":"https:\/\/radionuble.cl\/v1\/wp-json\/wp\/v2\/media?parent=50163"}],"wp:term":[{"taxonomy":"category","embeddable":true,"href":"https:\/\/radionuble.cl\/v1\/wp-json\/wp\/v2\/categories?post=50163"},{"taxonomy":"post_tag","embeddable":true,"href":"https:\/\/radionuble.cl\/v1\/wp-json\/wp\/v2\/tags?post=50163"}],"curies":[{"name":"wp","href":"https:\/\/api.w.org\/{rel}","templated":true}]}}