{"id":50286,"date":"2025-10-03T19:15:44","date_gmt":"2025-10-03T19:15:44","guid":{"rendered":"https:\/\/radionuble.cl\/v1\/?p=50286"},"modified":"2025-10-03T19:15:44","modified_gmt":"2025-10-03T19:15:44","slug":"pdi-chillan-recupera-auto-robado-desde-automotora-en-concepcion-conductor-fue-detenido","status":"publish","type":"post","link":"https:\/\/radionuble.cl\/v1\/2025\/10\/03\/pdi-chillan-recupera-auto-robado-desde-automotora-en-concepcion-conductor-fue-detenido\/","title":{"rendered":"PDI Chill\u00e1n recupera auto robado desde automotora en Concepci\u00f3n: conductor fue detenido"},"content":{"rendered":"<p data-start=\"196\" data-end=\"425\">Un operativo de la <strong data-start=\"215\" data-end=\"274\">Brigada Investigadora de Robos (Biro) de la PDI Chill\u00e1n<\/strong> permiti\u00f3 recuperar un veh\u00edculo robado en septiembre desde una automotora en Concepci\u00f3n, en un hecho en el que fueron sustra\u00eddos ocho autos en total.<\/p>\n<p data-start=\"427\" data-end=\"756\">El hallazgo ocurri\u00f3 mientras los detectives realizaban diligencias en la capital de \u00d1uble y detectaron que un auto circulaba con irregularidades en sus placas patentes, lo que motiv\u00f3 un control. Al revisar la documentaci\u00f3n, constataron que <strong data-start=\"667\" data-end=\"753\">la patente no correspond\u00eda al chasis ni a los papeles presentados por el conductor<\/strong>.<\/p>\n<p data-start=\"758\" data-end=\"959\">Tras la inspecci\u00f3n se confirm\u00f3 que el veh\u00edculo ten\u00eda un encargo vigente por robo desde el 8 de septiembre, cuando un grupo sustrajo ocho autom\u00f3viles desde un local comercial en la capital del Biob\u00edo.<\/p>\n<p data-start=\"961\" data-end=\"1188\">El conductor, un chileno sin antecedentes policiales, fue detenido en flagrancia por los delitos de <strong data-start=\"1061\" data-end=\"1138\">receptaci\u00f3n de veh\u00edculo motorizado y falsificaci\u00f3n de instrumento p\u00fablico<\/strong>, quedando a disposici\u00f3n del Ministerio P\u00fablico.<\/p>\n<p data-start=\"1190\" data-end=\"1364\">El autom\u00f3vil ser\u00e1 sometido a <strong data-start=\"1219\" data-end=\"1247\">peritajes especializados<\/strong> para determinar su recorrido y posibles v\u00ednculos con otras investigaciones antes de ser devuelto a su propietario.<\/p>\n<p data-start=\"1366\" data-end=\"1521\">El caso abre nuevas l\u00edneas de indagaci\u00f3n respecto al destino de los otros veh\u00edculos sustra\u00eddos en el mismo robo que afect\u00f3 a la automotora de Concepci\u00f3n.<\/p>\n","protected":false},"excerpt":{"rendered":"<p>Un operativo de la Brigada Investigadora de Robos (Biro) de la PDI Chill\u00e1n permiti\u00f3 recuperar un veh\u00edculo robado en septiembre desde una automotora en Concepci\u00f3n, en un hecho en el que fueron sustra\u00eddos ocho autos en total. El hallazgo ocurri\u00f3 mientras los detectives realizaban diligencias en la capital de \u00d1uble y detectaron que un auto &hellip;<\/p>\n","protected":false},"author":1,"featured_media":50287,"comment_status":"open","ping_status":"open","sticky":false,"template":"","format":"standard","meta":{"footnotes":""},"categories":[24],"tags":[],"class_list":["post-50286","post","type-post","status-publish","format-standard","has-post-thumbnail","hentry","category-chillan"],"_links":{"self":[{"href":"https:\/\/radionuble.cl\/v1\/wp-json\/wp\/v2\/posts\/50286","targetHints":{"allow":["GET"]}}],"collection":[{"href":"https:\/\/radionuble.cl\/v1\/wp-json\/wp\/v2\/posts"}],"about":[{"href":"https:\/\/radionuble.cl\/v1\/wp-json\/wp\/v2\/types\/post"}],"author":[{"embeddable":true,"href":"https:\/\/radionuble.cl\/v1\/wp-json\/wp\/v2\/users\/1"}],"replies":[{"embeddable":true,"href":"https:\/\/radionuble.cl\/v1\/wp-json\/wp\/v2\/comments?post=50286"}],"version-history":[{"count":1,"href":"https:\/\/radionuble.cl\/v1\/wp-json\/wp\/v2\/posts\/50286\/revisions"}],"predecessor-version":[{"id":50288,"href":"https:\/\/radionuble.cl\/v1\/wp-json\/wp\/v2\/posts\/50286\/revisions\/50288"}],"wp:featuredmedia":[{"embeddable":true,"href":"https:\/\/radionuble.cl\/v1\/wp-json\/wp\/v2\/media\/50287"}],"wp:attachment":[{"href":"https:\/\/radionuble.cl\/v1\/wp-json\/wp\/v2\/media?parent=50286"}],"wp:term":[{"taxonomy":"category","embeddable":true,"href":"https:\/\/radionuble.cl\/v1\/wp-json\/wp\/v2\/categories?post=50286"},{"taxonomy":"post_tag","embeddable":true,"href":"https:\/\/radionuble.cl\/v1\/wp-json\/wp\/v2\/tags?post=50286"}],"curies":[{"name":"wp","href":"https:\/\/api.w.org\/{rel}","templated":true}]}}