{"id":50433,"date":"2025-10-13T16:16:19","date_gmt":"2025-10-13T16:16:19","guid":{"rendered":"https:\/\/radionuble.cl\/v1\/?p=50433"},"modified":"2025-10-13T16:16:19","modified_gmt":"2025-10-13T16:16:19","slug":"asi-sera-la-nueva-plaza-de-armas-de-chillan-moderna-verde-y-con-identidad-patrimonial","status":"publish","type":"post","link":"https:\/\/radionuble.cl\/v1\/2025\/10\/13\/asi-sera-la-nueva-plaza-de-armas-de-chillan-moderna-verde-y-con-identidad-patrimonial\/","title":{"rendered":"As\u00ed ser\u00e1 la nueva Plaza de Armas de Chill\u00e1n: moderna, verde y con identidad patrimonial"},"content":{"rendered":"<p>El alcalde de Chill\u00e1n, <strong>Camilo Benavente<\/strong>, confirm\u00f3 que el proyecto de r<strong>emodelaci\u00f3n integral de la Plaza de Armas<\/strong> obtuvo su aprobaci\u00f3n final, marcando un paso clave para el inicio de su ejecuci\u00f3n tras a\u00f1os de estudios t\u00e9cnicos y procesos de participaci\u00f3n ciudadana.<\/p>\n<p>\u201cTras largos a\u00f1os de estudios t\u00e9cnicos y una participaci\u00f3n ciudadana importante, la iniciativa obtuvo la aprobaci\u00f3n, paso clave que <strong>permite su pr\u00f3xima ejecuci\u00f3n<\/strong>\u201d, destac\u00f3 el jefe comunal, subrayando que la obra busca modernizar uno de los espacios m\u00e1s emblem\u00e1ticos de la ciudad.<\/p>\n<p>El proyecto, desarrollado por la <strong>Secretar\u00eda de Planificaci\u00f3n Comunal (Secpla)<\/strong>, apunta a renovar un espacio urbano que arrastra carencias hist\u00f3ricas, como el <strong>deterioro de aceras, la falta de mantenimiento del arbolado y deficiencias en el sistema de iluminaci\u00f3n.<\/strong><\/p>\n<p>El director de Secpla, <strong>Carlos Araya<\/strong>, explic\u00f3 que la propuesta contempla una intervenci\u00f3n integral sobre una superficie de aproximadamente 29.000 metros cuadrados, orientada a mejorar la accesibilidad, la seguridad y la calidad del espacio p\u00fablico.<\/p>\n<p>Por su parte, <strong>Carolina Alvar, jefa de proyectos de Secpla<\/strong>, recalc\u00f3 que el dise\u00f1o final busca preservar el car\u00e1cter verde y patrimonial de la plaza, equilibrando la accesibilidad universal y la circulaci\u00f3n con la identidad hist\u00f3rica del lugar.<\/p>\n<p>\u201cEl dise\u00f1o final busca mantener el car\u00e1cter verde y patrimonial del lugar, equilibrando las necesidades de accesibilidad universal, circulaci\u00f3n y confort urbano con la preservaci\u00f3n del paisaje y la identidad de la plaza\u201d, reiter\u00f3 la profesional.<\/p>\n<p>Con la aprobaci\u00f3n t\u00e9cnica concluida, el municipio espera iniciar prontamente las <strong>gestiones administrativas y de financiamiento<\/strong> para dar inicio a las obras, que marcar\u00e1n un hito urbano en el coraz\u00f3n de Chill\u00e1n.<\/p>\n","protected":false},"excerpt":{"rendered":"<p>El alcalde de Chill\u00e1n, Camilo Benavente, confirm\u00f3 que el proyecto de remodelaci\u00f3n integral de la Plaza de Armas obtuvo su aprobaci\u00f3n final, marcando un paso clave para el inicio de su ejecuci\u00f3n tras a\u00f1os de estudios t\u00e9cnicos y procesos de participaci\u00f3n ciudadana. \u201cTras largos a\u00f1os de estudios t\u00e9cnicos y una participaci\u00f3n ciudadana importante, la iniciativa &hellip;<\/p>\n","protected":false},"author":1,"featured_media":50434,"comment_status":"open","ping_status":"open","sticky":false,"template":"","format":"standard","meta":{"footnotes":""},"categories":[24],"tags":[],"class_list":["post-50433","post","type-post","status-publish","format-standard","has-post-thumbnail","hentry","category-chillan"],"_links":{"self":[{"href":"https:\/\/radionuble.cl\/v1\/wp-json\/wp\/v2\/posts\/50433","targetHints":{"allow":["GET"]}}],"collection":[{"href":"https:\/\/radionuble.cl\/v1\/wp-json\/wp\/v2\/posts"}],"about":[{"href":"https:\/\/radionuble.cl\/v1\/wp-json\/wp\/v2\/types\/post"}],"author":[{"embeddable":true,"href":"https:\/\/radionuble.cl\/v1\/wp-json\/wp\/v2\/users\/1"}],"replies":[{"embeddable":true,"href":"https:\/\/radionuble.cl\/v1\/wp-json\/wp\/v2\/comments?post=50433"}],"version-history":[{"count":1,"href":"https:\/\/radionuble.cl\/v1\/wp-json\/wp\/v2\/posts\/50433\/revisions"}],"predecessor-version":[{"id":50435,"href":"https:\/\/radionuble.cl\/v1\/wp-json\/wp\/v2\/posts\/50433\/revisions\/50435"}],"wp:featuredmedia":[{"embeddable":true,"href":"https:\/\/radionuble.cl\/v1\/wp-json\/wp\/v2\/media\/50434"}],"wp:attachment":[{"href":"https:\/\/radionuble.cl\/v1\/wp-json\/wp\/v2\/media?parent=50433"}],"wp:term":[{"taxonomy":"category","embeddable":true,"href":"https:\/\/radionuble.cl\/v1\/wp-json\/wp\/v2\/categories?post=50433"},{"taxonomy":"post_tag","embeddable":true,"href":"https:\/\/radionuble.cl\/v1\/wp-json\/wp\/v2\/tags?post=50433"}],"curies":[{"name":"wp","href":"https:\/\/api.w.org\/{rel}","templated":true}]}}