{"id":50610,"date":"2025-10-22T15:23:59","date_gmt":"2025-10-22T15:23:59","guid":{"rendered":"https:\/\/radionuble.cl\/v1\/?p=50610"},"modified":"2025-10-22T15:23:59","modified_gmt":"2025-10-22T15:23:59","slug":"usuarios-de-gendarmeria-recibieron-certificacion-de-mecanica-general-basica-para-una-positiva-reinsercion","status":"publish","type":"post","link":"https:\/\/radionuble.cl\/v1\/2025\/10\/22\/usuarios-de-gendarmeria-recibieron-certificacion-de-mecanica-general-basica-para-una-positiva-reinsercion\/","title":{"rendered":"Usuarios de Gendarmer\u00eda recibieron certificaci\u00f3n de mec\u00e1nica general b\u00e1sica para una positiva reinserci\u00f3n."},"content":{"rendered":"<p style=\"font-weight: 400;\">Doce usuarios del Centro de Apoyo para la Integraci\u00f3n Social de Gendarmer\u00eda (CAIS), recibieron su certificaci\u00f3n del curso de \u201cMec\u00e1nica General B\u00e1sica\u201d impartido por el Centro de Estudios San Andr\u00e9s de Chill\u00e1n.<\/p>\n<p style=\"font-weight: 400;\">La positiva iniciativa impulsada por profesionales del CAIS, est\u00e1 orientada a promover la reinserci\u00f3n social de las personas atendidas por el Subsistema Postpenitenciario, fortaleciendo las capacidades y habilidades de sus participantes mediante una intervenci\u00f3n especializada, que incluye orientaci\u00f3n para el acceso a redes sociocomunitarias y apoyo para la colocaci\u00f3n y\/o capacitaci\u00f3n laboral, con el objetivo de disminuir el riesgo de reincidencia.<\/p>\n<p style=\"font-weight: 400;\">La solemne ceremonia fue encabezada por la Directora Regional de Gendarmer\u00eda \u00d1uble, coronel Carolina Caama\u00f1o Figueroa en compa\u00f1\u00eda del Delegado Presidencial, Rodrigo Garc\u00eda Hurtado y el Seremi de Justicia y Derechos Humanos, Cristopher Reyes B\u00f3rquez.<\/p>\n<p style=\"font-weight: 400;\">La jefa del CAIS, profesional M\u00f3nica Ortis Sep\u00falveda, destac\u00f3 que \u201cel gran logro acad\u00e9mico de los usuarios, que no solo valida conocimientos t\u00e9cnicos, sino que tambi\u00e9n representa una oportunidad concreta de transformaci\u00f3n personal, familiar y social, con especial \u00e9nfasis que todos y todas merecen una segunda oportunidad para cambiar y construir un futuro mejor\u201d afirm\u00f3.<\/p>\n<p style=\"font-weight: 400;\">\n","protected":false},"excerpt":{"rendered":"<p>Doce usuarios del Centro de Apoyo para la Integraci\u00f3n Social de Gendarmer\u00eda (CAIS), recibieron su certificaci\u00f3n del curso de \u201cMec\u00e1nica General B\u00e1sica\u201d impartido por el Centro de Estudios San Andr\u00e9s de Chill\u00e1n. La positiva iniciativa impulsada por profesionales del CAIS, est\u00e1 orientada a promover la reinserci\u00f3n social de las personas atendidas por el Subsistema Postpenitenciario, &hellip;<\/p>\n","protected":false},"author":2,"featured_media":50611,"comment_status":"open","ping_status":"open","sticky":false,"template":"","format":"standard","meta":{"footnotes":""},"categories":[1],"tags":[],"class_list":["post-50610","post","type-post","status-publish","format-standard","has-post-thumbnail","hentry","category-uncategorized"],"_links":{"self":[{"href":"https:\/\/radionuble.cl\/v1\/wp-json\/wp\/v2\/posts\/50610","targetHints":{"allow":["GET"]}}],"collection":[{"href":"https:\/\/radionuble.cl\/v1\/wp-json\/wp\/v2\/posts"}],"about":[{"href":"https:\/\/radionuble.cl\/v1\/wp-json\/wp\/v2\/types\/post"}],"author":[{"embeddable":true,"href":"https:\/\/radionuble.cl\/v1\/wp-json\/wp\/v2\/users\/2"}],"replies":[{"embeddable":true,"href":"https:\/\/radionuble.cl\/v1\/wp-json\/wp\/v2\/comments?post=50610"}],"version-history":[{"count":1,"href":"https:\/\/radionuble.cl\/v1\/wp-json\/wp\/v2\/posts\/50610\/revisions"}],"predecessor-version":[{"id":50612,"href":"https:\/\/radionuble.cl\/v1\/wp-json\/wp\/v2\/posts\/50610\/revisions\/50612"}],"wp:featuredmedia":[{"embeddable":true,"href":"https:\/\/radionuble.cl\/v1\/wp-json\/wp\/v2\/media\/50611"}],"wp:attachment":[{"href":"https:\/\/radionuble.cl\/v1\/wp-json\/wp\/v2\/media?parent=50610"}],"wp:term":[{"taxonomy":"category","embeddable":true,"href":"https:\/\/radionuble.cl\/v1\/wp-json\/wp\/v2\/categories?post=50610"},{"taxonomy":"post_tag","embeddable":true,"href":"https:\/\/radionuble.cl\/v1\/wp-json\/wp\/v2\/tags?post=50610"}],"curies":[{"name":"wp","href":"https:\/\/api.w.org\/{rel}","templated":true}]}}