{"id":50635,"date":"2025-10-23T11:42:50","date_gmt":"2025-10-23T11:42:50","guid":{"rendered":"https:\/\/radionuble.cl\/v1\/?p=50635"},"modified":"2025-10-23T11:42:50","modified_gmt":"2025-10-23T11:42:50","slug":"profesora-de-chillan-representa-a-chile-en-cumbre-internacional-de-educacion","status":"publish","type":"post","link":"https:\/\/radionuble.cl\/v1\/2025\/10\/23\/profesora-de-chillan-representa-a-chile-en-cumbre-internacional-de-educacion\/","title":{"rendered":"Profesora de Chill\u00e1n representa a Chile en cumbre internacional de educaci\u00f3n"},"content":{"rendered":"<p>La profesora <strong>Vanesa Carolina B\u00f3rquez Oyarzo<\/strong>, docente de <strong>Ciencias Naturales y Mag\u00edster en Ense\u00f1anza de las Ciencias de Chill\u00e1n<\/strong>, fue una de las cuatro educadoras chilenas que representaron al pa\u00eds en la Cumbre de Educadores de Iberoam\u00e9rica <strong>\u201cConecta 2025\u201d<\/strong>, realizada en Madrid, Espa\u00f1a.<\/p>\n<p>El encuentro \u2014organizado por la <strong>Fundaci\u00f3n Norma y Leo Werthein<\/strong> (FNLW) junto a la <strong>Organizaci\u00f3n de Estados Iberoamericanos (OEI)<\/strong> y la <strong>Universidad Pedag\u00f3gica Nacional (UNIPE)<\/strong> de Argentina\u2014 reuni\u00f3 a docentes de toda la regi\u00f3n bajo el lema <strong>\u201cInnovaci\u00f3n educativa para una escuela m\u00e1s diversa e inclusiva\u201d.<\/strong><\/p>\n<p>B\u00f3rquez particip\u00f3 como <strong>embajadora del programa Escuela Plus<\/strong>, iniciativa de entretenimiento educativo que llega a casi 10 mil escuelas de Am\u00e9rica Latina, fomentando la equidad en el acceso al conocimiento a trav\u00e9s de contenidos audiovisuales, formaci\u00f3n docente y recursos pedag\u00f3gicos gratuitos.<\/p>\n<p>Durante la cumbre, los participantes abordaron temas como la inclusi\u00f3n digital, la innovaci\u00f3n educativa en zonas rurales y el aprendizaje colaborativo. La agenda incluy\u00f3 recorridos por el <strong>Colegio Trilema, el Aula del Futuro del Ministerio de Educaci\u00f3n de Espa\u00f1a y la UNED<\/strong>, donde analizaron el papel de la tecnolog\u00eda en la ense\u00f1anza.<\/p>\n<p>Adem\u00e1s, el grupo visit\u00f3 el <strong>Museo del Prado<\/strong> y el futuro <strong>Museo del Holocausto de la Fundaci\u00f3n Hispano Jud\u00eda<\/strong>, donde reflexionaron sobre el arte, la memoria y la diversidad cultural como herramientas de aprendizaje.<\/p>\n<p>El evento concluy\u00f3 con un compromiso com\u00fan: llevar a las aulas lo aprendido para fortalecer comunidades educativas m\u00e1s inclusivas, creativas y conectadas con los desaf\u00edos actuales.<\/p>\n","protected":false},"excerpt":{"rendered":"<p>La profesora Vanesa Carolina B\u00f3rquez Oyarzo, docente de Ciencias Naturales y Mag\u00edster en Ense\u00f1anza de las Ciencias de Chill\u00e1n, fue una de las cuatro educadoras chilenas que representaron al pa\u00eds en la Cumbre de Educadores de Iberoam\u00e9rica \u201cConecta 2025\u201d, realizada en Madrid, Espa\u00f1a. El encuentro \u2014organizado por la Fundaci\u00f3n Norma y Leo Werthein (FNLW) junto &hellip;<\/p>\n","protected":false},"author":1,"featured_media":50636,"comment_status":"open","ping_status":"open","sticky":false,"template":"","format":"standard","meta":{"footnotes":""},"categories":[24],"tags":[],"class_list":["post-50635","post","type-post","status-publish","format-standard","has-post-thumbnail","hentry","category-chillan"],"_links":{"self":[{"href":"https:\/\/radionuble.cl\/v1\/wp-json\/wp\/v2\/posts\/50635","targetHints":{"allow":["GET"]}}],"collection":[{"href":"https:\/\/radionuble.cl\/v1\/wp-json\/wp\/v2\/posts"}],"about":[{"href":"https:\/\/radionuble.cl\/v1\/wp-json\/wp\/v2\/types\/post"}],"author":[{"embeddable":true,"href":"https:\/\/radionuble.cl\/v1\/wp-json\/wp\/v2\/users\/1"}],"replies":[{"embeddable":true,"href":"https:\/\/radionuble.cl\/v1\/wp-json\/wp\/v2\/comments?post=50635"}],"version-history":[{"count":1,"href":"https:\/\/radionuble.cl\/v1\/wp-json\/wp\/v2\/posts\/50635\/revisions"}],"predecessor-version":[{"id":50637,"href":"https:\/\/radionuble.cl\/v1\/wp-json\/wp\/v2\/posts\/50635\/revisions\/50637"}],"wp:featuredmedia":[{"embeddable":true,"href":"https:\/\/radionuble.cl\/v1\/wp-json\/wp\/v2\/media\/50636"}],"wp:attachment":[{"href":"https:\/\/radionuble.cl\/v1\/wp-json\/wp\/v2\/media?parent=50635"}],"wp:term":[{"taxonomy":"category","embeddable":true,"href":"https:\/\/radionuble.cl\/v1\/wp-json\/wp\/v2\/categories?post=50635"},{"taxonomy":"post_tag","embeddable":true,"href":"https:\/\/radionuble.cl\/v1\/wp-json\/wp\/v2\/tags?post=50635"}],"curies":[{"name":"wp","href":"https:\/\/api.w.org\/{rel}","templated":true}]}}