{"id":50665,"date":"2025-10-23T19:24:04","date_gmt":"2025-10-23T19:24:04","guid":{"rendered":"https:\/\/radionuble.cl\/v1\/?p=50665"},"modified":"2025-10-23T19:24:04","modified_gmt":"2025-10-23T19:24:04","slug":"chile-declara-oficialmente-al-pinguino-de-humboldt-en-peligro-de-extincion","status":"publish","type":"post","link":"https:\/\/radionuble.cl\/v1\/2025\/10\/23\/chile-declara-oficialmente-al-pinguino-de-humboldt-en-peligro-de-extincion\/","title":{"rendered":"Chile declara oficialmente al Ping\u00fcino de Humboldt \u00aben peligro de extinci\u00f3n\u00bb"},"content":{"rendered":"<p data-start=\"183\" data-end=\"688\">El <strong data-start=\"252\" data-end=\"299\">ping\u00fcino de Humboldt (Spheniscus humboldti)<\/strong> fue declarado oficialmente <em data-start=\"327\" data-end=\"352\">en peligro de extinci\u00f3n<\/em>, seg\u00fan el m\u00e1s reciente Proceso de Clasificaci\u00f3n de Especies Silvestres del <strong data-start=\"428\" data-end=\"467\">Ministerio del Medio Ambiente (MMA)<\/strong>. La medida fue aprobada por el <strong data-start=\"499\" data-end=\"569\">Consejo de Ministros para la Sustentabilidad y el Cambio Clim\u00e1tico<\/strong>, luego de que estudios confirmaran una alarmante reducci\u00f3n poblacional superior al 50% en las \u00faltimas cinco d\u00e9cadas.<\/p>\n<p data-start=\"690\" data-end=\"1074\">Hasta ahora, la especie se encontraba en categor\u00eda \u201cvulnerable\u201d, pero el nuevo informe t\u00e9cnico-cient\u00edfico determin\u00f3 su paso a \u201cen peligro\u201d. Las causas principales son la <strong data-start=\"860\" data-end=\"880\">pesca de enmalle<\/strong>, la <strong data-start=\"885\" data-end=\"924\">sobrepesca de sardinas y anchovetas<\/strong> \u2014su alimento base\u2014, y los efectos del <strong data-start=\"963\" data-end=\"983\">cambio clim\u00e1tico<\/strong>, adem\u00e1s de brotes de <strong data-start=\"1005\" data-end=\"1024\">influenza aviar<\/strong> y la reciente crisis provocada por <strong data-start=\"1060\" data-end=\"1071\">El Ni\u00f1o<\/strong>.<\/p>\n<p data-start=\"1076\" data-end=\"1369\">\u201cLa nueva clasificaci\u00f3n del ping\u00fcino de Humboldt es una se\u00f1al de alerta que debemos tomar en serio. Esta especie, tan querida por los chilenos, refleja los impactos del cambio clim\u00e1tico y la presi\u00f3n sobre nuestros ecosistemas marinos\u201d, expres\u00f3 la ministra de Medio Ambiente, <strong data-start=\"1351\" data-end=\"1366\">Maisa Rojas<\/strong>.<\/p>\n<p data-start=\"1371\" data-end=\"1747\">El investigador <strong data-start=\"1387\" data-end=\"1408\">Alejandro Simeone<\/strong>, del Instituto One Health de la Universidad Andr\u00e9s Bello, explic\u00f3 que la especie sufri\u00f3 una \u201cdr\u00e1stica y r\u00e1pida disminuci\u00f3n poblacional\u201d debido a m\u00faltiples factores. \u201cEn 2023 el brote de influenza aviar caus\u00f3 muchas muertes, y en 2024 El Ni\u00f1o redujo la disponibilidad de alimento, impidiendo su reproducci\u00f3n durante todo el a\u00f1o\u201d, se\u00f1al\u00f3.<\/p>\n<p data-start=\"1749\" data-end=\"2002\">Aun as\u00ed, los expertos sostienen que la especie <strong data-start=\"1796\" data-end=\"1817\">puede recuperarse<\/strong>, aunque el proceso ser\u00e1 lento. \u201cSe reproduce por primera vez a los cuatro o cinco a\u00f1os. La recuperaci\u00f3n depende de revertir las amenazas, principalmente en el mar\u201d, enfatiz\u00f3 Simeone.<\/p>\n<p data-start=\"2004\" data-end=\"2314\">La desaparici\u00f3n del ping\u00fcino de Humboldt tendr\u00eda un impacto ecol\u00f3gico y cultural profundo. Es un depredador clave en los ecosistemas marinos y tambi\u00e9n una figura central del turismo costero chileno. Su p\u00e9rdida significar\u00eda, advierten los especialistas, \u201cuna herida al patrimonio natural y cultural del pa\u00eds\u201d.<\/p>\n","protected":false},"excerpt":{"rendered":"<p>El ping\u00fcino de Humboldt (Spheniscus humboldti) fue declarado oficialmente en peligro de extinci\u00f3n, seg\u00fan el m\u00e1s reciente Proceso de Clasificaci\u00f3n de Especies Silvestres del Ministerio del Medio Ambiente (MMA). La medida fue aprobada por el Consejo de Ministros para la Sustentabilidad y el Cambio Clim\u00e1tico, luego de que estudios confirmaran una alarmante reducci\u00f3n poblacional superior &hellip;<\/p>\n","protected":false},"author":1,"featured_media":50666,"comment_status":"open","ping_status":"open","sticky":false,"template":"","format":"standard","meta":{"footnotes":""},"categories":[26],"tags":[],"class_list":["post-50665","post","type-post","status-publish","format-standard","has-post-thumbnail","hentry","category-pais"],"_links":{"self":[{"href":"https:\/\/radionuble.cl\/v1\/wp-json\/wp\/v2\/posts\/50665","targetHints":{"allow":["GET"]}}],"collection":[{"href":"https:\/\/radionuble.cl\/v1\/wp-json\/wp\/v2\/posts"}],"about":[{"href":"https:\/\/radionuble.cl\/v1\/wp-json\/wp\/v2\/types\/post"}],"author":[{"embeddable":true,"href":"https:\/\/radionuble.cl\/v1\/wp-json\/wp\/v2\/users\/1"}],"replies":[{"embeddable":true,"href":"https:\/\/radionuble.cl\/v1\/wp-json\/wp\/v2\/comments?post=50665"}],"version-history":[{"count":1,"href":"https:\/\/radionuble.cl\/v1\/wp-json\/wp\/v2\/posts\/50665\/revisions"}],"predecessor-version":[{"id":50667,"href":"https:\/\/radionuble.cl\/v1\/wp-json\/wp\/v2\/posts\/50665\/revisions\/50667"}],"wp:featuredmedia":[{"embeddable":true,"href":"https:\/\/radionuble.cl\/v1\/wp-json\/wp\/v2\/media\/50666"}],"wp:attachment":[{"href":"https:\/\/radionuble.cl\/v1\/wp-json\/wp\/v2\/media?parent=50665"}],"wp:term":[{"taxonomy":"category","embeddable":true,"href":"https:\/\/radionuble.cl\/v1\/wp-json\/wp\/v2\/categories?post=50665"},{"taxonomy":"post_tag","embeddable":true,"href":"https:\/\/radionuble.cl\/v1\/wp-json\/wp\/v2\/tags?post=50665"}],"curies":[{"name":"wp","href":"https:\/\/api.w.org\/{rel}","templated":true}]}}