{"id":50761,"date":"2025-11-04T17:53:24","date_gmt":"2025-11-04T17:53:24","guid":{"rendered":"https:\/\/radionuble.cl\/v1\/?p=50761"},"modified":"2025-11-04T17:53:24","modified_gmt":"2025-11-04T17:53:24","slug":"piden-prision-preventiva-para-acusado-de-matar-a-su-cunado-y-sobrinos","status":"publish","type":"post","link":"https:\/\/radionuble.cl\/v1\/2025\/11\/04\/piden-prision-preventiva-para-acusado-de-matar-a-su-cunado-y-sobrinos\/","title":{"rendered":"Piden prisi\u00f3n preventiva para acusado de matar a su cu\u00f1ado y sobrinos"},"content":{"rendered":"<p data-start=\"334\" data-end=\"642\">Ante el Cuarto Juzgado de Garant\u00eda de Santiago comenz\u00f3 este martes la formalizaci\u00f3n de <strong data-start=\"433\" data-end=\"466\">Jorge Ugalde Parraguez<\/strong>, \u00fanico detenido por el <strong data-start=\"490\" data-end=\"510\">triple homicidio<\/strong> ocurrido en octubre en la comuna de <strong data-start=\"547\" data-end=\"559\">La Reina<\/strong>, regi\u00f3n Metropolitana, que cobr\u00f3 la vida de <strong data-start=\"582\" data-end=\"627\">Eduardo Cruz-Coke y sus dos hijos gemelos<\/strong>, de 17 a\u00f1os.<\/p>\n<p data-start=\"644\" data-end=\"843\">La Fiscal\u00eda Oriente, a cargo de la investigaci\u00f3n, solicit\u00f3 la medida cautelar de <strong data-start=\"710\" data-end=\"751\">prisi\u00f3n preventiva<\/strong>, argumentando la gravedad de los hechos y el riesgo que implica la libertad del imputado.<\/p>\n<p data-start=\"845\" data-end=\"1145\">Ugalde fue detenido el lunes 3 de noviembre, luego de que las diligencias realizadas por la Brigada de Homicidios de la PDI y el Ministerio P\u00fablico descartaran la hip\u00f3tesis inicial de <strong>un doble parricidio con suicidio<\/strong>, estableciendo que las tres v\u00edctimas fueron <strong data-start=\"1110\" data-end=\"1142\">asesinadas con premeditaci\u00f3n<\/strong>.<\/p>\n<p data-start=\"1147\" data-end=\"1392\">El fiscal del caso detall\u00f3 que Ugalde est\u00e1 acusado de <strong data-start=\"1201\" data-end=\"1263\">homicidio calificado con alevos\u00eda y premeditaci\u00f3n conocida<\/strong>, adem\u00e1s de las agravantes de haber cometido el crimen <strong data-start=\"1318\" data-end=\"1389\">contra menores de 18 a\u00f1os y en perjuicio de familiares por afinidad<\/strong>.<\/p>\n<p data-start=\"1394\" data-end=\"1707\">De acuerdo con la investigaci\u00f3n, el m\u00f3vil del crimen estar\u00eda vinculado a <strong data-start=\"1467\" data-end=\"1508\">conflictos familiares por propiedades<\/strong>, en los que tambi\u00e9n tendr\u00eda participaci\u00f3n Trinidad Cruz-Coke, hermana de Eduardo y esposa del imputado. La Fiscal\u00eda confirm\u00f3 que ella tambi\u00e9n est\u00e1 imputada, aunque <strong data-start=\"1681\" data-end=\"1704\">no ha sido detenida<\/strong>.<\/p>\n<p data-start=\"1709\" data-end=\"1949\">El tribunal deber\u00e1 resolver durante esta jornada si acoge la solicitud de prisi\u00f3n preventiva solicitada por el Ministerio P\u00fablico, mientras contin\u00faan las diligencias para esclarecer los detalles de este crimen que conmocion\u00f3 a la capital.<\/p>\n","protected":false},"excerpt":{"rendered":"<p>Ante el Cuarto Juzgado de Garant\u00eda de Santiago comenz\u00f3 este martes la formalizaci\u00f3n de Jorge Ugalde Parraguez, \u00fanico detenido por el triple homicidio ocurrido en octubre en la comuna de La Reina, regi\u00f3n Metropolitana, que cobr\u00f3 la vida de Eduardo Cruz-Coke y sus dos hijos gemelos, de 17 a\u00f1os. La Fiscal\u00eda Oriente, a cargo de &hellip;<\/p>\n","protected":false},"author":1,"featured_media":0,"comment_status":"open","ping_status":"open","sticky":false,"template":"","format":"standard","meta":{"footnotes":""},"categories":[26],"tags":[],"class_list":["post-50761","post","type-post","status-publish","format-standard","hentry","category-pais"],"_links":{"self":[{"href":"https:\/\/radionuble.cl\/v1\/wp-json\/wp\/v2\/posts\/50761","targetHints":{"allow":["GET"]}}],"collection":[{"href":"https:\/\/radionuble.cl\/v1\/wp-json\/wp\/v2\/posts"}],"about":[{"href":"https:\/\/radionuble.cl\/v1\/wp-json\/wp\/v2\/types\/post"}],"author":[{"embeddable":true,"href":"https:\/\/radionuble.cl\/v1\/wp-json\/wp\/v2\/users\/1"}],"replies":[{"embeddable":true,"href":"https:\/\/radionuble.cl\/v1\/wp-json\/wp\/v2\/comments?post=50761"}],"version-history":[{"count":1,"href":"https:\/\/radionuble.cl\/v1\/wp-json\/wp\/v2\/posts\/50761\/revisions"}],"predecessor-version":[{"id":50762,"href":"https:\/\/radionuble.cl\/v1\/wp-json\/wp\/v2\/posts\/50761\/revisions\/50762"}],"wp:attachment":[{"href":"https:\/\/radionuble.cl\/v1\/wp-json\/wp\/v2\/media?parent=50761"}],"wp:term":[{"taxonomy":"category","embeddable":true,"href":"https:\/\/radionuble.cl\/v1\/wp-json\/wp\/v2\/categories?post=50761"},{"taxonomy":"post_tag","embeddable":true,"href":"https:\/\/radionuble.cl\/v1\/wp-json\/wp\/v2\/tags?post=50761"}],"curies":[{"name":"wp","href":"https:\/\/api.w.org\/{rel}","templated":true}]}}