{"id":50817,"date":"2025-11-07T17:38:31","date_gmt":"2025-11-07T17:38:31","guid":{"rendered":"https:\/\/radionuble.cl\/v1\/?p=50817"},"modified":"2025-11-07T17:38:31","modified_gmt":"2025-11-07T17:38:31","slug":"fuego-arrasa-con-planta-orafti-en-nuble-bomberos-de-cinco-comunas-combaten-violento-incendio-industrial","status":"publish","type":"post","link":"https:\/\/radionuble.cl\/v1\/2025\/11\/07\/fuego-arrasa-con-planta-orafti-en-nuble-bomberos-de-cinco-comunas-combaten-violento-incendio-industrial\/","title":{"rendered":"Fuego arrasa con planta Orafti en \u00d1uble: bomberos de cinco comunas combaten violento incendio industrial"},"content":{"rendered":"<p>Un <strong>incendio industrial de grandes proporciones<\/strong> se registra desde la tarde de este martes en dependencias de la <strong>planta Orafti<\/strong>, ubicada junto al <strong>peaje Troncal de Santa Clara, en la regi\u00f3n de \u00d1uble.<\/strong><\/p>\n<p>El fuego, visible desde varios kil\u00f3metros de distancia, ha generado una masiva movilizaci\u00f3n de equipos de emergencia, con la participaci\u00f3n de <strong>Bomberos de Pemuco, Bulnes, Cabrero, Chill\u00e1n y San Ignacio<\/strong>, quienes trabajan intensamente para evitar que las llamas se propaguen a otras \u00e1reas del recinto.<\/p>\n<p>Seg\u00fan informaci\u00f3n preliminar, el incendio afecta una de las \u00e1reas productivas del complejo industrial, lo que ha obligado al personal de la empresa y a los equipos de emergencia a <strong>coordinar acciones conjuntas<\/strong> para controlar la emergencia.<\/p>\n<p>La densa columna de humo ha generado preocupaci\u00f3n entre los vecinos del sector y los conductores que transitan por la <strong>Ruta 5 Sur<\/strong>, a la altura del <strong>peaje Santa Clara<\/strong>.<\/p>\n<p>Hasta ahora, no se reportan personas lesionadas, aunque el origen del siniestro a\u00fan est\u00e1 siendo investigado por personal especializado. <\/p>\n<p><strong>Bomberos mantiene en el lugar un operativo de gran escala<\/strong>, con camiones aljibe, unidades de agua y rescate, adem\u00e1s de apoyo log\u00edstico y de abastecimiento de distintos cuerpos comunales.<\/p>\n<p>Las causas del incendio ser\u00e1n determinadas una vez que el fuego sea completamente controlado y se realicen las pericias correspondientes.<\/p>\n","protected":false},"excerpt":{"rendered":"<p>Un incendio industrial de grandes proporciones se registra desde la tarde de este martes en dependencias de la planta Orafti, ubicada junto al peaje Troncal de Santa Clara, en la regi\u00f3n de \u00d1uble. El fuego, visible desde varios kil\u00f3metros de distancia, ha generado una masiva movilizaci\u00f3n de equipos de emergencia, con la participaci\u00f3n de Bomberos &hellip;<\/p>\n","protected":false},"author":1,"featured_media":50818,"comment_status":"open","ping_status":"open","sticky":false,"template":"","format":"standard","meta":{"footnotes":""},"categories":[25],"tags":[],"class_list":["post-50817","post","type-post","status-publish","format-standard","has-post-thumbnail","hentry","category-nuble"],"_links":{"self":[{"href":"https:\/\/radionuble.cl\/v1\/wp-json\/wp\/v2\/posts\/50817","targetHints":{"allow":["GET"]}}],"collection":[{"href":"https:\/\/radionuble.cl\/v1\/wp-json\/wp\/v2\/posts"}],"about":[{"href":"https:\/\/radionuble.cl\/v1\/wp-json\/wp\/v2\/types\/post"}],"author":[{"embeddable":true,"href":"https:\/\/radionuble.cl\/v1\/wp-json\/wp\/v2\/users\/1"}],"replies":[{"embeddable":true,"href":"https:\/\/radionuble.cl\/v1\/wp-json\/wp\/v2\/comments?post=50817"}],"version-history":[{"count":1,"href":"https:\/\/radionuble.cl\/v1\/wp-json\/wp\/v2\/posts\/50817\/revisions"}],"predecessor-version":[{"id":50819,"href":"https:\/\/radionuble.cl\/v1\/wp-json\/wp\/v2\/posts\/50817\/revisions\/50819"}],"wp:featuredmedia":[{"embeddable":true,"href":"https:\/\/radionuble.cl\/v1\/wp-json\/wp\/v2\/media\/50818"}],"wp:attachment":[{"href":"https:\/\/radionuble.cl\/v1\/wp-json\/wp\/v2\/media?parent=50817"}],"wp:term":[{"taxonomy":"category","embeddable":true,"href":"https:\/\/radionuble.cl\/v1\/wp-json\/wp\/v2\/categories?post=50817"},{"taxonomy":"post_tag","embeddable":true,"href":"https:\/\/radionuble.cl\/v1\/wp-json\/wp\/v2\/tags?post=50817"}],"curies":[{"name":"wp","href":"https:\/\/api.w.org\/{rel}","templated":true}]}}