{"id":51063,"date":"2025-11-21T18:46:18","date_gmt":"2025-11-21T18:46:18","guid":{"rendered":"https:\/\/radionuble.cl\/v1\/?p=51063"},"modified":"2025-11-21T18:46:18","modified_gmt":"2025-11-21T18:46:18","slug":"exportaciones-de-nuble-registran-fuerte-caida","status":"publish","type":"post","link":"https:\/\/radionuble.cl\/v1\/2025\/11\/21\/exportaciones-de-nuble-registran-fuerte-caida\/","title":{"rendered":"Exportaciones de \u00d1uble registran fuerte ca\u00edda"},"content":{"rendered":"<p>Las exportaciones de la <strong>regi\u00f3n de \u00d1uble<\/strong> registraron un fuerte retroceso durante el tercer trimestre de 2025. <\/p>\n<p>Seg\u00fan los datos oficiales del <strong>Instituto Nacional de Estad\u00edsticas<\/strong>, los env\u00edos regionales alcanzaron US$217 millones entre julio y septiembre, cifra que representa una <strong>ca\u00edda interanual de 38,7%. <\/strong><\/p>\n<p>El descenso estuvo marcado especialmente por el desempe\u00f1o del <strong>sector industrial<\/strong>, que contin\u00faa siendo el principal motor exportador de \u00d1uble pero que este periodo acumul\u00f3 p\u00e9rdidas significativas debido a la <strong>disminuci\u00f3n en los embarques de productos forestales y de fabricaci\u00f3n de celulosa, papel y cart\u00f3n. <\/strong><\/p>\n<p>Solo en septiembre, <strong>la industria represent\u00f3 el 94,4% del total exportado<\/strong>, alcanzando US$59,8 millones, pero registrando un descenso de 36,2% respecto al mismo mes del a\u00f1o anterior. <\/p>\n<p>Dentro del sector, <strong>las exportaciones forestales cayeron 37,2%<\/strong>, pasando de US$35,6 millones a US$22,4 millones, un retroceso que explica buena parte del mal desempe\u00f1o general de la regi\u00f3n.<\/p>\n<p>Pese al escenario general negativo, \u00d1uble mostr\u00f3 un punto de crecimiento significativo: <strong>los env\u00edos de berries y cerezas, que alcanzaron US$21,3 millones solo en septiembre<\/strong>, registraron un alza del 31%, equivalente a US$5 millones m\u00e1s que el a\u00f1o anterior. <\/p>\n<p>Este incremento estuvo impulsado principalmente por las <strong>ventas hacia Estados Unidos, Corea del Sur y varios mercados asi\u00e1ticos y oce\u00e1nicos<\/strong>, lo que confirma que la fruticultura sigue consolid\u00e1ndose como un sector din\u00e1mico y con fuerte expansi\u00f3n. <\/p>\n<p>Tambi\u00e9n destac\u00f3 el <strong>sector silvoagropecuario<\/strong>, que logr\u00f3 un crecimiento de 12,5% y alcanz\u00f3 US$3 millones, impulsado especialmente por la fruticultura, cuya variaci\u00f3n interanual lleg\u00f3 a un notable 193,2%.<\/p>\n<p>En cuanto a los destinos de exportaci\u00f3n, <strong>Am\u00e9rica volvi\u00f3 a liderar y concentr\u00f3 el 60,2% de los env\u00edos de septiembre, equivalentes a US$38,1 millones.<\/strong> Estados Unidos se mantuvo como el principal mercado de la regi\u00f3n, con el 38,2% del total, aunque con una ca\u00edda de 13% interanual. <\/p>\n<p>El comportamiento m\u00e1s preocupante vino desde <strong>Asia<\/strong>, donde <strong>los env\u00edos totalizaron US$14,2 millones<\/strong>, lo que representa una <strong>baja de 66,2% respecto al a\u00f1o anterior.<\/strong> <\/p>\n<p>Corea del Sur, uno de los destinos clave para \u00d1uble, experiment\u00f3 una <strong>disminuci\u00f3n del 33,4% y solo alcanz\u00f3 US$5,4 millones en compras.<\/strong><\/p>\n<p>El informe del INE confirma un trimestre complejo para la matriz exportadora regional, con <strong>fuertes retrocesos en los rubros m\u00e1s tradicionales<\/strong>, pero tambi\u00e9n con se\u00f1ales de dinamismo en productos agr\u00edcolas de alto valor, especialmente berries y cerezas, que contin\u00faan expandiendo su peso dentro del comercio exterior regional.<\/p>\n","protected":false},"excerpt":{"rendered":"<p>Las exportaciones de la regi\u00f3n de \u00d1uble registraron un fuerte retroceso durante el tercer trimestre de 2025. Seg\u00fan los datos oficiales del Instituto Nacional de Estad\u00edsticas, los env\u00edos regionales alcanzaron US$217 millones entre julio y septiembre, cifra que representa una ca\u00edda interanual de 38,7%. El descenso estuvo marcado especialmente por el desempe\u00f1o del sector industrial, &hellip;<\/p>\n","protected":false},"author":1,"featured_media":48258,"comment_status":"open","ping_status":"open","sticky":false,"template":"","format":"standard","meta":{"footnotes":""},"categories":[25],"tags":[],"class_list":["post-51063","post","type-post","status-publish","format-standard","has-post-thumbnail","hentry","category-nuble"],"_links":{"self":[{"href":"https:\/\/radionuble.cl\/v1\/wp-json\/wp\/v2\/posts\/51063","targetHints":{"allow":["GET"]}}],"collection":[{"href":"https:\/\/radionuble.cl\/v1\/wp-json\/wp\/v2\/posts"}],"about":[{"href":"https:\/\/radionuble.cl\/v1\/wp-json\/wp\/v2\/types\/post"}],"author":[{"embeddable":true,"href":"https:\/\/radionuble.cl\/v1\/wp-json\/wp\/v2\/users\/1"}],"replies":[{"embeddable":true,"href":"https:\/\/radionuble.cl\/v1\/wp-json\/wp\/v2\/comments?post=51063"}],"version-history":[{"count":1,"href":"https:\/\/radionuble.cl\/v1\/wp-json\/wp\/v2\/posts\/51063\/revisions"}],"predecessor-version":[{"id":51064,"href":"https:\/\/radionuble.cl\/v1\/wp-json\/wp\/v2\/posts\/51063\/revisions\/51064"}],"wp:featuredmedia":[{"embeddable":true,"href":"https:\/\/radionuble.cl\/v1\/wp-json\/wp\/v2\/media\/48258"}],"wp:attachment":[{"href":"https:\/\/radionuble.cl\/v1\/wp-json\/wp\/v2\/media?parent=51063"}],"wp:term":[{"taxonomy":"category","embeddable":true,"href":"https:\/\/radionuble.cl\/v1\/wp-json\/wp\/v2\/categories?post=51063"},{"taxonomy":"post_tag","embeddable":true,"href":"https:\/\/radionuble.cl\/v1\/wp-json\/wp\/v2\/tags?post=51063"}],"curies":[{"name":"wp","href":"https:\/\/api.w.org\/{rel}","templated":true}]}}