{"id":51216,"date":"2025-12-02T13:19:01","date_gmt":"2025-12-02T13:19:01","guid":{"rendered":"https:\/\/radionuble.cl\/v1\/?p=51216"},"modified":"2025-12-02T13:19:01","modified_gmt":"2025-12-02T13:19:01","slug":"alza-de-pasajes-golpea-a-nuble-estudiantes-y-adultos-mayores-podrian-perder-tarifa-preferencial-en-2026-y-anuncian-posibles-movilizaciones","status":"publish","type":"post","link":"https:\/\/radionuble.cl\/v1\/2025\/12\/02\/alza-de-pasajes-golpea-a-nuble-estudiantes-y-adultos-mayores-podrian-perder-tarifa-preferencial-en-2026-y-anuncian-posibles-movilizaciones\/","title":{"rendered":"Alza de pasajes golpea a \u00d1uble: estudiantes y adultos mayores podr\u00edan perder tarifa preferencial en 2026 y anuncian posibles movilizaciones"},"content":{"rendered":"<p>Crece la preocupaci\u00f3n en \u00d1uble ante el anuncio de gremios del transporte p\u00fablico que proyectan eliminar, <strong>desde el 1 de enero de 2026, las tarifas preferenciales para estudiantes y adultos mayores en distintas regiones del pa\u00eds, incluida la regi\u00f3n<\/strong>. <\/p>\n<p>La medida gener\u00f3 inquietud especialmente entre quienes dependen del transporte interurbano para estudiar o acceder a servicios b\u00e1sicos.<\/p>\n<p>El <strong>alcalde de El Carmen, Ren\u00e1n Cabezas<\/strong>, se sum\u00f3 al llamado de los estudiantes para que el Gobierno intervenga y garantice la continuidad del beneficio. <\/p>\n<p>El jefe comunal advirti\u00f3 que <strong>el eventual alza afectar\u00e1 con fuerza a familias rurales y urbanas<\/strong>, especialmente en un contexto econ\u00f3mico complejo. Se\u00f1al\u00f3 que la tarifa rebajada ha sido clave para que j\u00f3venes de comunas como <strong>El Carmen, Pemuco, Pinto, Yungay y San Ignacio<\/strong> puedan acceder a la educaci\u00f3n superior.<\/p>\n<p>Cabezas, tambi\u00e9n presidente de la <strong>Comisi\u00f3n de Personas Mayores de la ACHM<\/strong>, insisti\u00f3 en la urgencia de una respuesta gubernamental. Afirm\u00f3 que los adultos mayores quedar\u00edan en una situaci\u00f3n de especial vulnerabilidad si pierden el descuento, por lo que llam\u00f3 a instalar una mesa de trabajo con soluciones concretas.<\/p>\n<p>Desde el mundo estudiantil, la preocupaci\u00f3n es creciente. <strong>Danae Santander Mari\u00e1ngel<\/strong>, representante de la <strong>Federaci\u00f3n de Estudiantes de la Universidad del Alba en Chill\u00e1n<\/strong>, advirti\u00f3 que la eliminaci\u00f3n de la tarifa preferencial podr\u00eda obligar a algunos estudiantes a desertar por no poder costear el transporte diario entre comunas. Se\u00f1al\u00f3 que la falta de una subvenci\u00f3n estatal para el transporte interurbano profundiza la inequidad territorial en \u00d1uble.<\/p>\n<p>La dirigenta agreg\u00f3 que los adultos mayores tambi\u00e9n ver\u00e1n comprometido su acceso a salud, abastecimiento y tr\u00e1mites b\u00e1sicos debido al aumento de costos. Adem\u00e1s, confirm\u00f3 que <strong>enviaron una carta al Gobernador de \u00d1uble y al Seremi de Transporte<\/strong> solicitando la creaci\u00f3n de una mesa de trabajo tripartita con estudiantes, autoridades y gremios del transporte.<\/p>\n<p>Santander advirti\u00f3 que, de no existir una respuesta efectiva, <strong>avanzar\u00e1n hacia movilizaciones amplias y masivas<\/strong> en la regi\u00f3n.<\/p>\n","protected":false},"excerpt":{"rendered":"<p>Crece la preocupaci\u00f3n en \u00d1uble ante el anuncio de gremios del transporte p\u00fablico que proyectan eliminar, desde el 1 de enero de 2026, las tarifas preferenciales para estudiantes y adultos mayores en distintas regiones del pa\u00eds, incluida la regi\u00f3n. La medida gener\u00f3 inquietud especialmente entre quienes dependen del transporte interurbano para estudiar o acceder a &hellip;<\/p>\n","protected":false},"author":1,"featured_media":51217,"comment_status":"open","ping_status":"open","sticky":false,"template":"","format":"standard","meta":{"footnotes":""},"categories":[25],"tags":[],"class_list":["post-51216","post","type-post","status-publish","format-standard","has-post-thumbnail","hentry","category-nuble"],"_links":{"self":[{"href":"https:\/\/radionuble.cl\/v1\/wp-json\/wp\/v2\/posts\/51216","targetHints":{"allow":["GET"]}}],"collection":[{"href":"https:\/\/radionuble.cl\/v1\/wp-json\/wp\/v2\/posts"}],"about":[{"href":"https:\/\/radionuble.cl\/v1\/wp-json\/wp\/v2\/types\/post"}],"author":[{"embeddable":true,"href":"https:\/\/radionuble.cl\/v1\/wp-json\/wp\/v2\/users\/1"}],"replies":[{"embeddable":true,"href":"https:\/\/radionuble.cl\/v1\/wp-json\/wp\/v2\/comments?post=51216"}],"version-history":[{"count":1,"href":"https:\/\/radionuble.cl\/v1\/wp-json\/wp\/v2\/posts\/51216\/revisions"}],"predecessor-version":[{"id":51218,"href":"https:\/\/radionuble.cl\/v1\/wp-json\/wp\/v2\/posts\/51216\/revisions\/51218"}],"wp:featuredmedia":[{"embeddable":true,"href":"https:\/\/radionuble.cl\/v1\/wp-json\/wp\/v2\/media\/51217"}],"wp:attachment":[{"href":"https:\/\/radionuble.cl\/v1\/wp-json\/wp\/v2\/media?parent=51216"}],"wp:term":[{"taxonomy":"category","embeddable":true,"href":"https:\/\/radionuble.cl\/v1\/wp-json\/wp\/v2\/categories?post=51216"},{"taxonomy":"post_tag","embeddable":true,"href":"https:\/\/radionuble.cl\/v1\/wp-json\/wp\/v2\/tags?post=51216"}],"curies":[{"name":"wp","href":"https:\/\/api.w.org\/{rel}","templated":true}]}}