{"id":51219,"date":"2025-12-02T13:25:19","date_gmt":"2025-12-02T13:25:19","guid":{"rendered":"https:\/\/radionuble.cl\/v1\/?p=51219"},"modified":"2025-12-02T13:25:19","modified_gmt":"2025-12-02T13:25:19","slug":"te-toca-el-aguinaldo-de-navidad-revisa-aca-el-monto-y-requisitos","status":"publish","type":"post","link":"https:\/\/radionuble.cl\/v1\/2025\/12\/02\/te-toca-el-aguinaldo-de-navidad-revisa-aca-el-monto-y-requisitos\/","title":{"rendered":"\u00bfTe toca el aguinaldo de navidad? Revisa ac\u00e1 el monto y requisitos"},"content":{"rendered":"<p>El <strong>seremi del Trabajo, Eduardo Riquelme<\/strong>, detall\u00f3 el <strong>aguinaldo navide\u00f1o<\/strong> que recibir\u00e1n autom\u00e1ticamente los pensionados en el pago correspondiente a diciembre. <\/p>\n<p>El<strong> monto base ser\u00e1 de $29.055 y aumentar\u00e1 en $16.415<\/strong> por cada carga familiar acreditada al 30 de noviembre de 2025. La autoridad reiter\u00f3 que este beneficio no requiere tr\u00e1mites y llega incluido en la pensi\u00f3n mensual.<\/p>\n<p>El aguinaldo se entregar\u00e1 solo a quienes est\u00e9n <strong>pensionados al 30 de noviembre de 2025<\/strong>. Adem\u00e1s, este dinero no tiene descuentos y no se considera para el pago de impuestos ni cotizaciones, por lo que no es imponible ni tributable. <\/p>\n<p>Las personas podr\u00e1n revisar si cumplen los requisitos a trav\u00e9s de www.chileatiende.cl, mediante el call center 101 o en cualquier oficina <strong>ChileAtiende.<\/strong><\/p>\n<p>Para acceder, se debe cumplir una de las condiciones establecidas para pensionados del IPS, ex cajas de previsi\u00f3n o ex Servicio de Seguro Social; pensiones por accidentes del trabajo; pensiones de reparaci\u00f3n; pensiones de AFP o compa\u00f1\u00edas de seguro con garant\u00eda estatal; o beneficios provenientes de Dipreca o Capredena. <\/p>\n<p>Tambi\u00e9n podr\u00e1n recibirlo personas beneficiarias del Subsidio por Discapacidad o de la indemnizaci\u00f3n compensatoria especial para trabajadores del carb\u00f3n, detall\u00f3 el seremi Eduardo Riquelme.<\/p>\n<audio class=\"wp-audio-shortcode\" id=\"audio-51219-1\" preload=\"none\" style=\"width: 100%;\" controls=\"controls\"><source type=\"audio\/mpeg\" src=\"https:\/\/radiocontacto.cl\/wp-content\/uploads\/2025\/12\/CUNA-AGUINALDO-EDUARDO.mp3?_=1\" \/><a href=\"https:\/\/radiocontacto.cl\/wp-content\/uploads\/2025\/12\/CUNA-AGUINALDO-EDUARDO.mp3\">https:\/\/radiocontacto.cl\/wp-content\/uploads\/2025\/12\/CUNA-AGUINALDO-EDUARDO.mp3<\/a><\/audio>\n<p>Quienes reciban Asignaci\u00f3n Familiar por cargas con pensi\u00f3n de sobrevivencia no podr\u00e1n acceder al incremento por carga. <strong>El aumento solo se aplicar\u00e1 si esas cargas tienen una pensi\u00f3n de orfandad, considerada carente de renta.<\/strong> Se aclar\u00f3 que existe derecho al aguinaldo incluso si una persona recibe m\u00e1s de una pensi\u00f3n, subsidio o indemnizaci\u00f3n.<\/p>\n<p>En el caso de funcionarios de planta o a contrata del sector p\u00fablico, <strong>solo podr\u00e1n recibir la parte del aguinaldo que exceda el monto asignado como pensionados o beneficiarios.<\/strong> Para el c\u00e1lculo del beneficio se considera el total l\u00edquido recibido, incluyendo remuneraciones, pensiones y aportes previsionales solidarios.<\/p>\n<p>Las autoridades advirtieron que recibir el aguinaldo sin cumplir los requisitos implicar\u00e1 la devoluci\u00f3n del qu\u00edntuple del monto pagado, adem\u00e1s de posibles sanciones administrativas o penales. Para resolver dudas, <strong>las personas pueden revisar su liquidaci\u00f3n con Clave\u00danica<\/strong>, consultar su fecha de pago con el RUN, solicitar videoatenci\u00f3n, llamar al 101 o acudir a una sucursal.<\/p>\n<p>En el sector privado, <strong>el aguinaldo no constituye obligaci\u00f3n legal<\/strong>, aunque puede exigirse si est\u00e1 incorporado en el contrato individual, convenio colectivo o acuerdo vigente.<\/p>\n","protected":false},"excerpt":{"rendered":"<p>El seremi del Trabajo, Eduardo Riquelme, detall\u00f3 el aguinaldo navide\u00f1o que recibir\u00e1n autom\u00e1ticamente los pensionados en el pago correspondiente a diciembre. El monto base ser\u00e1 de $29.055 y aumentar\u00e1 en $16.415 por cada carga familiar acreditada al 30 de noviembre de 2025. La autoridad reiter\u00f3 que este beneficio no requiere tr\u00e1mites y llega incluido en &hellip;<\/p>\n","protected":false},"author":1,"featured_media":51220,"comment_status":"open","ping_status":"open","sticky":false,"template":"","format":"standard","meta":{"footnotes":""},"categories":[24],"tags":[],"class_list":["post-51219","post","type-post","status-publish","format-standard","has-post-thumbnail","hentry","category-chillan"],"_links":{"self":[{"href":"https:\/\/radionuble.cl\/v1\/wp-json\/wp\/v2\/posts\/51219","targetHints":{"allow":["GET"]}}],"collection":[{"href":"https:\/\/radionuble.cl\/v1\/wp-json\/wp\/v2\/posts"}],"about":[{"href":"https:\/\/radionuble.cl\/v1\/wp-json\/wp\/v2\/types\/post"}],"author":[{"embeddable":true,"href":"https:\/\/radionuble.cl\/v1\/wp-json\/wp\/v2\/users\/1"}],"replies":[{"embeddable":true,"href":"https:\/\/radionuble.cl\/v1\/wp-json\/wp\/v2\/comments?post=51219"}],"version-history":[{"count":1,"href":"https:\/\/radionuble.cl\/v1\/wp-json\/wp\/v2\/posts\/51219\/revisions"}],"predecessor-version":[{"id":51221,"href":"https:\/\/radionuble.cl\/v1\/wp-json\/wp\/v2\/posts\/51219\/revisions\/51221"}],"wp:featuredmedia":[{"embeddable":true,"href":"https:\/\/radionuble.cl\/v1\/wp-json\/wp\/v2\/media\/51220"}],"wp:attachment":[{"href":"https:\/\/radionuble.cl\/v1\/wp-json\/wp\/v2\/media?parent=51219"}],"wp:term":[{"taxonomy":"category","embeddable":true,"href":"https:\/\/radionuble.cl\/v1\/wp-json\/wp\/v2\/categories?post=51219"},{"taxonomy":"post_tag","embeddable":true,"href":"https:\/\/radionuble.cl\/v1\/wp-json\/wp\/v2\/tags?post=51219"}],"curies":[{"name":"wp","href":"https:\/\/api.w.org\/{rel}","templated":true}]}}