{"id":51805,"date":"2025-12-30T13:35:02","date_gmt":"2025-12-30T13:35:02","guid":{"rendered":"https:\/\/radionuble.cl\/v1\/?p=51805"},"modified":"2025-12-30T13:35:02","modified_gmt":"2025-12-30T13:35:02","slug":"se-queda-en-casa-nublense-mantendra-su-localia-en-el-estadio-nelson-oyarzun-durante-todo-2026","status":"publish","type":"post","link":"https:\/\/radionuble.cl\/v1\/2025\/12\/30\/se-queda-en-casa-nublense-mantendra-su-localia-en-el-estadio-nelson-oyarzun-durante-todo-2026\/","title":{"rendered":"\u00a1Se queda en casa! \u00d1ublense mantendr\u00e1 su local\u00eda en el Estadio Nelson Oyarz\u00fan durante todo 2026"},"content":{"rendered":"<p>Fin al suspenso: el <strong>Estadio Nelson Oyarz\u00fan de Chill\u00e1n<\/strong> no ser\u00e1 sometido a los trabajos de mantenimiento que se hab\u00edan anunciado, por lo que \u00d1ublense mantendr\u00e1 su local\u00eda durante toda la temporada 2026 en el recinto chillanejo.<\/p>\n<p>El <strong>alcalde de Chill\u00e1n, Camilo Benavente<\/strong>, confirm\u00f3 que tras varias evaluaciones t\u00e9cnicas y log\u00edsticas se opt\u00f3 por no intervenir el estadio este a\u00f1o, priorizando que el club y su hinchada sigan jugando en casa.<\/p>\n<p>\u201cHab\u00edamos evaluado la posibilidad de mejorar el estadio Nelson Oyarz\u00fan, pero finalmente decidimos mantenerlo en las mismas condiciones durante 2026. <strong>\u00d1ublense jugar\u00e1 toda la temporada ac\u00e1 en Chill\u00e1n<\/strong>. Concepci\u00f3n era una opci\u00f3n m\u00e1s lejana y creemos que la local\u00eda y el apoyo de la hinchada son fundamentales\u201d, se\u00f1al\u00f3 el jefe comunal.<\/p>\n<p>Benavente a\u00f1adi\u00f3 que existen dos nudos cr\u00edticos que ser\u00e1n monitoreados: <strong>\u201cEnero y entre junio y julio son los meses en que el estadio se ve m\u00e1s afectado, pero estamos buscando medidas de mejora. La cancha ha estado en muy buenas condiciones estos \u00faltimos meses\u201d<\/strong>, asegur\u00f3.<\/p>\n<p>Por su parte, el gerente general de \u00d1ublense, Francisco Mardones, valor\u00f3 la noticia destacando su impacto en lo deportivo. \u201cEs una informaci\u00f3n importante. Ven\u00edamos analizando esta decisi\u00f3n hace meses y mantener <strong>la local\u00eda en Chill\u00e1n es clave para el plantel y la hinchada.<\/strong> El estadio cumple con los est\u00e1ndares del f\u00fatbol chileno y el trabajo del municipio ha sido clave para mantener el pasto en \u00f3ptimo estado\u201d, sostuvo.<\/p>\n<p>La decisi\u00f3n despeja toda incertidumbre y lleva tranquilidad a los <strong>fan\u00e1ticos diablos rojos<\/strong>, que podr\u00e1n seguir alentando desde su casa al club chillanejo durante todo el 2026.<\/p>\n","protected":false},"excerpt":{"rendered":"<p>Fin al suspenso: el Estadio Nelson Oyarz\u00fan de Chill\u00e1n no ser\u00e1 sometido a los trabajos de mantenimiento que se hab\u00edan anunciado, por lo que \u00d1ublense mantendr\u00e1 su local\u00eda durante toda la temporada 2026 en el recinto chillanejo. El alcalde de Chill\u00e1n, Camilo Benavente, confirm\u00f3 que tras varias evaluaciones t\u00e9cnicas y log\u00edsticas se opt\u00f3 por no &hellip;<\/p>\n","protected":false},"author":1,"featured_media":51806,"comment_status":"open","ping_status":"open","sticky":false,"template":"","format":"standard","meta":{"footnotes":""},"categories":[24,28],"tags":[],"class_list":["post-51805","post","type-post","status-publish","format-standard","has-post-thumbnail","hentry","category-chillan","category-deportes"],"_links":{"self":[{"href":"https:\/\/radionuble.cl\/v1\/wp-json\/wp\/v2\/posts\/51805","targetHints":{"allow":["GET"]}}],"collection":[{"href":"https:\/\/radionuble.cl\/v1\/wp-json\/wp\/v2\/posts"}],"about":[{"href":"https:\/\/radionuble.cl\/v1\/wp-json\/wp\/v2\/types\/post"}],"author":[{"embeddable":true,"href":"https:\/\/radionuble.cl\/v1\/wp-json\/wp\/v2\/users\/1"}],"replies":[{"embeddable":true,"href":"https:\/\/radionuble.cl\/v1\/wp-json\/wp\/v2\/comments?post=51805"}],"version-history":[{"count":1,"href":"https:\/\/radionuble.cl\/v1\/wp-json\/wp\/v2\/posts\/51805\/revisions"}],"predecessor-version":[{"id":51807,"href":"https:\/\/radionuble.cl\/v1\/wp-json\/wp\/v2\/posts\/51805\/revisions\/51807"}],"wp:featuredmedia":[{"embeddable":true,"href":"https:\/\/radionuble.cl\/v1\/wp-json\/wp\/v2\/media\/51806"}],"wp:attachment":[{"href":"https:\/\/radionuble.cl\/v1\/wp-json\/wp\/v2\/media?parent=51805"}],"wp:term":[{"taxonomy":"category","embeddable":true,"href":"https:\/\/radionuble.cl\/v1\/wp-json\/wp\/v2\/categories?post=51805"},{"taxonomy":"post_tag","embeddable":true,"href":"https:\/\/radionuble.cl\/v1\/wp-json\/wp\/v2\/tags?post=51805"}],"curies":[{"name":"wp","href":"https:\/\/api.w.org\/{rel}","templated":true}]}}