{"id":51928,"date":"2026-01-05T17:25:18","date_gmt":"2026-01-05T17:25:18","guid":{"rendered":"https:\/\/radionuble.cl\/v1\/?p=51928"},"modified":"2026-01-05T17:25:18","modified_gmt":"2026-01-05T17:25:18","slug":"los-nombres-que-kast-tiene-sobre-la-mesa-para-la-delegacion-presidencial-de-nuble","status":"publish","type":"post","link":"https:\/\/radionuble.cl\/v1\/2026\/01\/05\/los-nombres-que-kast-tiene-sobre-la-mesa-para-la-delegacion-presidencial-de-nuble\/","title":{"rendered":"Los nombres que Kast tiene sobre la mesa para la Delegaci\u00f3n Presidencial de \u00d1uble"},"content":{"rendered":"<p>La <strong>Oficina del Presidente Electo<\/strong> (OPE) de <strong>Jos\u00e9 Antonio Kast<\/strong> comenz\u00f3 los primeros sondeos informales para definir al futuro <strong>Delegado Presidencial Regional de \u00d1uble<\/strong>, en un proceso que, seg\u00fan fuentes del entorno del nuevo gobierno, se activar\u00e1 con mayor fuerza una vez cerrada la conformaci\u00f3n del gabinete ministerial.<\/p>\n<p>De acuerdo con el cronograma que maneja la OPE, la prioridad absoluta est\u00e1 puesta en definir a los ministros antes del 15 de enero, mientras que los nombramientos de delegados presidenciales regionales <strong>vendr\u00edan en una segunda etapa<\/strong>, ya con el dise\u00f1o pol\u00edtico y administrativo del Ejecutivo completamente definido.<\/p>\n<h2>Nombres en evaluaci\u00f3n desde la UDI<\/h2>\n<p>Desde la <strong>Uni\u00f3n Dem\u00f3crata Independiente<\/strong>, el senador por \u00d1uble <strong>Gustavo Sanhueza<\/strong> puso sobre la mesa dos nombres: <strong>el abogado Juan Pablo Gonz\u00e1lez<\/strong> y la abogada y ex consejera constitucional <strong>Carolina Navarrete<\/strong>, ambos perfiles que, seg\u00fan cercanos al parlamentario, apuntan a una gesti\u00f3n con \u00e9nfasis jur\u00eddico y de orden administrativo.<\/p>\n<p>En la misma colectividad, el exsenador y exministro del Interior <strong>V\u00edctor P\u00e9rez Varela<\/strong> respald\u00f3 el nombre de <strong>Crist\u00f3bal Jardua<\/strong>, quien ya ejerci\u00f3 como delegado presidencial regional y adem\u00e1s fue seremi de Obras P\u00fablicas, experiencia que lo posiciona como una carta conocida en la administraci\u00f3n del Estado en la regi\u00f3n.<\/p>\n<h2>Cartas del Partido Republicano y del nuevo oficialismo<\/h2>\n<p>Desde el <strong>Partido Republicano de Chile<\/strong>, partido del presidente electo, surgi\u00f3 el nombre de <strong>Magdalena Oyarce<\/strong>, ex candidata a diputada, quien ha sido promovida como una opci\u00f3n alineada con el ideario del nuevo gobierno y con fuerte compromiso pol\u00edtico.<\/p>\n<p>A ese listado se suma otro nombre que ha comenzado a circular entre cercanos al nuevo oficialismo: <strong>el kinesi\u00f3logo Felipe Neira<\/strong>, profesional ligado al entorno del <strong>exintendente Mart\u00edn Arrau<\/strong>, lo que lo posiciona como una alternativa de corte m\u00e1s t\u00e9cnico y con conocimiento del territorio.<\/p>\n<h2>Definici\u00f3n a\u00fan en pausa<\/h2>\n<p>Pese a la multiplicidad de nombres, en el entorno de la OPE recalcan que <strong>no existe a\u00fan una decisi\u00f3n tomada<\/strong> y que cualquier definici\u00f3n en \u00d1uble depender\u00e1 del dise\u00f1o final del gabinete y del <strong>equilibrio pol\u00edtico<\/strong> que busque el presidente electo para su administraci\u00f3n regional.<\/p>\n<p>As\u00ed, la carrera por la Delegaci\u00f3n Presidencial Regional de \u00d1uble sigue abierta, con varios nombres en competencia y con una certeza clara: <strong>la decisi\u00f3n final llegar\u00e1 despu\u00e9s de que Jos\u00e9 Antonio Kast tenga completamente armado su equipo ministerial.<\/strong><\/p>\n","protected":false},"excerpt":{"rendered":"<p>La Oficina del Presidente Electo (OPE) de Jos\u00e9 Antonio Kast comenz\u00f3 los primeros sondeos informales para definir al futuro Delegado Presidencial Regional de \u00d1uble, en un proceso que, seg\u00fan fuentes del entorno del nuevo gobierno, se activar\u00e1 con mayor fuerza una vez cerrada la conformaci\u00f3n del gabinete ministerial. De acuerdo con el cronograma que maneja &hellip;<\/p>\n","protected":false},"author":1,"featured_media":47931,"comment_status":"open","ping_status":"open","sticky":false,"template":"","format":"standard","meta":{"footnotes":""},"categories":[24],"tags":[],"class_list":["post-51928","post","type-post","status-publish","format-standard","has-post-thumbnail","hentry","category-chillan"],"_links":{"self":[{"href":"https:\/\/radionuble.cl\/v1\/wp-json\/wp\/v2\/posts\/51928","targetHints":{"allow":["GET"]}}],"collection":[{"href":"https:\/\/radionuble.cl\/v1\/wp-json\/wp\/v2\/posts"}],"about":[{"href":"https:\/\/radionuble.cl\/v1\/wp-json\/wp\/v2\/types\/post"}],"author":[{"embeddable":true,"href":"https:\/\/radionuble.cl\/v1\/wp-json\/wp\/v2\/users\/1"}],"replies":[{"embeddable":true,"href":"https:\/\/radionuble.cl\/v1\/wp-json\/wp\/v2\/comments?post=51928"}],"version-history":[{"count":1,"href":"https:\/\/radionuble.cl\/v1\/wp-json\/wp\/v2\/posts\/51928\/revisions"}],"predecessor-version":[{"id":51929,"href":"https:\/\/radionuble.cl\/v1\/wp-json\/wp\/v2\/posts\/51928\/revisions\/51929"}],"wp:featuredmedia":[{"embeddable":true,"href":"https:\/\/radionuble.cl\/v1\/wp-json\/wp\/v2\/media\/47931"}],"wp:attachment":[{"href":"https:\/\/radionuble.cl\/v1\/wp-json\/wp\/v2\/media?parent=51928"}],"wp:term":[{"taxonomy":"category","embeddable":true,"href":"https:\/\/radionuble.cl\/v1\/wp-json\/wp\/v2\/categories?post=51928"},{"taxonomy":"post_tag","embeddable":true,"href":"https:\/\/radionuble.cl\/v1\/wp-json\/wp\/v2\/tags?post=51928"}],"curies":[{"name":"wp","href":"https:\/\/api.w.org\/{rel}","templated":true}]}}