{"id":52015,"date":"2026-01-08T18:45:46","date_gmt":"2026-01-08T18:45:46","guid":{"rendered":"https:\/\/radionuble.cl\/v1\/?p=52015"},"modified":"2026-01-08T18:45:46","modified_gmt":"2026-01-08T18:45:46","slug":"nuble-en-alerta-tormentas-electricas-amenazan-la-precordillera-en-plena-ola-de-calor","status":"publish","type":"post","link":"https:\/\/radionuble.cl\/v1\/2026\/01\/08\/nuble-en-alerta-tormentas-electricas-amenazan-la-precordillera-en-plena-ola-de-calor\/","title":{"rendered":"\u00d1uble en alerta: tormentas el\u00e9ctricas amenazan la precordillera en plena ola de calor"},"content":{"rendered":"<p>La <strong>regi\u00f3n de \u00d1uble<\/strong> se mantiene bajo <strong>aviso meteorol\u00f3gico por la probabilidad de tormentas el\u00e9ctricas<\/strong>, fen\u00f3meno que podr\u00eda venir acompa\u00f1ado de precipitaciones intensas en cortos periodos de tiempo, seg\u00fan inform\u00f3 la <strong>Direcci\u00f3n Meteorol\u00f3gica de Chile.<\/strong><\/p>\n<p>El aviso fue emitido la tarde de este <strong>jueves 8 de enero de 2026, a las 15:18 horas,<\/strong> y se encuentra asociado a una baja segregada, condici\u00f3n atmosf\u00e9rica que favorece la inestabilidad y la ocurrencia de eventos meteorol\u00f3gicos severos.<\/p>\n<p>De acuerdo al pron\u00f3stico oficial, <strong>las tormentas el\u00e9ctricas podr\u00edan registrarse desde la ma\u00f1ana y hasta la noche de este jueves<\/strong>, afectando principalmente a los sectores de precordillera y cordillera de \u00d1uble, zonas que ya se encuentran bajo un escenario de alta vulnerabilidad producto del calor extremo y el riesgo de incendios forestales.<\/p>\n<p>El aviso tambi\u00e9n contempla la probabilidad de precipitaciones fuertes en un corto per\u00edodo de tiempo, <strong>lo que podr\u00eda generar escurrimientos repentinos, aumento de caudales y condiciones peligrosas<\/strong> en rutas de monta\u00f1a y sectores rurales.<\/p>\n<p>Las autoridades reiteraron el llamado a la precauci\u00f3n, especialmente a quienes realicen actividades al aire libre, <strong>en zonas cordilleranas o precordilleranas<\/strong>, recordando que las tormentas el\u00e9ctricas pueden implicar riesgo de descargas el\u00e9ctricas, r\u00e1fagas de viento y ca\u00edda de ramas o rocas.<\/p>\n<p>Este escenario se suma al complejo panorama clim\u00e1tico que enfrenta la regi\u00f3n durante esta semana, <strong>marcado por altas temperaturas, alertas rojas preventivas y m\u00faltiples incendios forestales<\/strong>, lo que mantiene en m\u00e1xima vigilancia a los organismos de emergencia.<\/p>\n","protected":false},"excerpt":{"rendered":"<p>La regi\u00f3n de \u00d1uble se mantiene bajo aviso meteorol\u00f3gico por la probabilidad de tormentas el\u00e9ctricas, fen\u00f3meno que podr\u00eda venir acompa\u00f1ado de precipitaciones intensas en cortos periodos de tiempo, seg\u00fan inform\u00f3 la Direcci\u00f3n Meteorol\u00f3gica de Chile. El aviso fue emitido la tarde de este jueves 8 de enero de 2026, a las 15:18 horas, y se &hellip;<\/p>\n","protected":false},"author":1,"featured_media":48102,"comment_status":"open","ping_status":"open","sticky":false,"template":"","format":"standard","meta":{"footnotes":""},"categories":[25],"tags":[],"class_list":["post-52015","post","type-post","status-publish","format-standard","has-post-thumbnail","hentry","category-nuble"],"_links":{"self":[{"href":"https:\/\/radionuble.cl\/v1\/wp-json\/wp\/v2\/posts\/52015","targetHints":{"allow":["GET"]}}],"collection":[{"href":"https:\/\/radionuble.cl\/v1\/wp-json\/wp\/v2\/posts"}],"about":[{"href":"https:\/\/radionuble.cl\/v1\/wp-json\/wp\/v2\/types\/post"}],"author":[{"embeddable":true,"href":"https:\/\/radionuble.cl\/v1\/wp-json\/wp\/v2\/users\/1"}],"replies":[{"embeddable":true,"href":"https:\/\/radionuble.cl\/v1\/wp-json\/wp\/v2\/comments?post=52015"}],"version-history":[{"count":1,"href":"https:\/\/radionuble.cl\/v1\/wp-json\/wp\/v2\/posts\/52015\/revisions"}],"predecessor-version":[{"id":52016,"href":"https:\/\/radionuble.cl\/v1\/wp-json\/wp\/v2\/posts\/52015\/revisions\/52016"}],"wp:featuredmedia":[{"embeddable":true,"href":"https:\/\/radionuble.cl\/v1\/wp-json\/wp\/v2\/media\/48102"}],"wp:attachment":[{"href":"https:\/\/radionuble.cl\/v1\/wp-json\/wp\/v2\/media?parent=52015"}],"wp:term":[{"taxonomy":"category","embeddable":true,"href":"https:\/\/radionuble.cl\/v1\/wp-json\/wp\/v2\/categories?post=52015"},{"taxonomy":"post_tag","embeddable":true,"href":"https:\/\/radionuble.cl\/v1\/wp-json\/wp\/v2\/tags?post=52015"}],"curies":[{"name":"wp","href":"https:\/\/api.w.org\/{rel}","templated":true}]}}