{"id":52022,"date":"2026-01-09T13:26:33","date_gmt":"2026-01-09T13:26:33","guid":{"rendered":"https:\/\/radionuble.cl\/v1\/?p=52022"},"modified":"2026-01-09T13:26:33","modified_gmt":"2026-01-09T13:26:33","slug":"nuble-rompe-la-tendencia-y-baja-la-pobreza-pese-a-medicion-mas-dura-de-la-casen-2024","status":"publish","type":"post","link":"https:\/\/radionuble.cl\/v1\/2026\/01\/09\/nuble-rompe-la-tendencia-y-baja-la-pobreza-pese-a-medicion-mas-dura-de-la-casen-2024\/","title":{"rendered":"\u00d1uble rompe la tendencia y baja la pobreza pese a medici\u00f3n m\u00e1s dura de la Casen 2024"},"content":{"rendered":"<p>La <strong>regi\u00f3n de \u00d1uble<\/strong> registr\u00f3 una disminuci\u00f3n sostenida de los principales indicadores de pobreza durante 2024, de acuerdo con los resultados de la <strong>Encuesta Casen<\/strong> dados a conocer por el <strong>Ministerio de Desarrollo Social y Familia.<\/strong> <\/p>\n<p>El estudio, que este a\u00f1o incorpor\u00f3 una metodolog\u00eda m\u00e1s exigente para medir la pobreza por ingresos y la pobreza multidimensional, confirma una tendencia a la baja respecto de los a\u00f1os anteriores, aunque <strong>mantiene desaf\u00edos relevantes en sectores rurales y vulnerables.<\/strong><\/p>\n<p>Seg\u00fan la <strong>Casen 2024<\/strong>, la pobreza por ingresos en \u00d1uble se ubic\u00f3 en torno al promedio nacional, mostrando una reducci\u00f3n respecto de la medici\u00f3n de 2022. <\/p>\n<p>Este descenso se inscribe en una trayectoria que ya ven\u00eda evidenci\u00e1ndose tras el fuerte impacto de la pandemia, <strong>cuando la pobreza alcanz\u00f3 sus niveles m\u00e1s altos en 2020.<\/strong> En comparaci\u00f3n con 2017 y 2020, los indicadores actuales reflejan una mejora significativa, aun bajo un est\u00e1ndar metodol\u00f3gico m\u00e1s estricto que hace m\u00e1s dif\u00edcil \u201csalir\u201d estad\u00edsticamente de la pobreza.<\/p>\n<p>En el caso de la pobreza extrema, <strong>\u00d1uble tambi\u00e9n evidenci\u00f3 una baja en relaci\u00f3n con 2022<\/strong>, manteni\u00e9ndose en niveles similares al promedio del pa\u00eds. <\/p>\n<p>Este indicador resulta especialmente relevante, ya que <strong>mide a la poblaci\u00f3n con mayores dificultades para satisfacer necesidades b\u00e1sicas<\/strong>, y su reducci\u00f3n sugiere un impacto positivo de pol\u00edticas de transferencias monetarias y apoyo social implementadas en los \u00faltimos a\u00f1os.<\/p>\n<p>Respecto de la <strong>pobreza multidimensional<\/strong> \u2014que considera carencias en \u00e1reas como educaci\u00f3n, salud, trabajo, vivienda, redes sociales y cuidados\u2014, la regi\u00f3n mostr\u00f3 igualmente una <strong>disminuci\u00f3n entre 2022 y 2024.<\/strong> No obstante, el informe advierte que en \u00d1uble persisten brechas significativas entre zonas urbanas y rurales, siendo estas \u00faltimas las que concentran mayores niveles de privaci\u00f3n, especialmente en dimensiones como empleo, seguridad social y acceso a servicios.<\/p>\n<p>La nueva medici\u00f3n tambi\u00e9n incorpor\u00f3 indicadores asociados a cuidados, lo que permiti\u00f3 <strong>visibilizar con mayor claridad las dificultades que enfrentan hogares donde sus integrantes no pueden trabajar o estudiar debido a responsabilidades de cuidado.<\/strong> En este \u00e1mbito, \u00d1uble presenta desaf\u00edos similares a otras regiones con alta ruralidad y envejecimiento de la poblaci\u00f3n.<\/p>\n<p>En t\u00e9rminos hist\u00f3ricos, los resultados de la Casen 2024 confirman que <strong>la regi\u00f3n ha logrado avanzar en la reducci\u00f3n de la pobreza en la \u00faltima d\u00e9cada<\/strong>, aunque a un ritmo m\u00e1s lento que otras zonas del pa\u00eds. Desde 2017 a la fecha, la pobreza por ingresos y la pobreza multidimensional han mostrado una tendencia descendente, interrumpida \u00fanicamente por el impacto de la crisis sanitaria y econ\u00f3mica de 2020.<\/p>\n<p>Desde el Gobierno se ha destacado que estos datos constituyen una <strong>herramienta clave para el dise\u00f1o de pol\u00edticas p\u00fablicas focalizadas<\/strong>, especialmente en regiones como \u00d1uble, donde la estructura productiva, la ruralidad y las brechas territoriales exigen respuestas diferenciadas. Asimismo, se subray\u00f3 que, pese a los avances, <strong>a\u00fan existen miles de familias que enfrentan dificultades para llegar a fin de mes<\/strong>, lo que obliga a profundizar las estrategias de desarrollo social, empleo y protecci\u00f3n.<\/p>\n<p>La Encuesta <strong>Casen 2024 fue aplicada entre noviembre de 2024 y febrero de 2025<\/strong>, con resultados representativos a nivel regional, urbano y rural, lo que permite contar con una radiograf\u00eda actualizada de la realidad social de \u00d1uble y su evoluci\u00f3n en el tiempo .<\/p>\n","protected":false},"excerpt":{"rendered":"<p>La regi\u00f3n de \u00d1uble registr\u00f3 una disminuci\u00f3n sostenida de los principales indicadores de pobreza durante 2024, de acuerdo con los resultados de la Encuesta Casen dados a conocer por el Ministerio de Desarrollo Social y Familia. El estudio, que este a\u00f1o incorpor\u00f3 una metodolog\u00eda m\u00e1s exigente para medir la pobreza por ingresos y la pobreza &hellip;<\/p>\n","protected":false},"author":1,"featured_media":52023,"comment_status":"open","ping_status":"open","sticky":false,"template":"","format":"standard","meta":{"footnotes":""},"categories":[25],"tags":[],"class_list":["post-52022","post","type-post","status-publish","format-standard","has-post-thumbnail","hentry","category-nuble"],"_links":{"self":[{"href":"https:\/\/radionuble.cl\/v1\/wp-json\/wp\/v2\/posts\/52022","targetHints":{"allow":["GET"]}}],"collection":[{"href":"https:\/\/radionuble.cl\/v1\/wp-json\/wp\/v2\/posts"}],"about":[{"href":"https:\/\/radionuble.cl\/v1\/wp-json\/wp\/v2\/types\/post"}],"author":[{"embeddable":true,"href":"https:\/\/radionuble.cl\/v1\/wp-json\/wp\/v2\/users\/1"}],"replies":[{"embeddable":true,"href":"https:\/\/radionuble.cl\/v1\/wp-json\/wp\/v2\/comments?post=52022"}],"version-history":[{"count":1,"href":"https:\/\/radionuble.cl\/v1\/wp-json\/wp\/v2\/posts\/52022\/revisions"}],"predecessor-version":[{"id":52024,"href":"https:\/\/radionuble.cl\/v1\/wp-json\/wp\/v2\/posts\/52022\/revisions\/52024"}],"wp:featuredmedia":[{"embeddable":true,"href":"https:\/\/radionuble.cl\/v1\/wp-json\/wp\/v2\/media\/52023"}],"wp:attachment":[{"href":"https:\/\/radionuble.cl\/v1\/wp-json\/wp\/v2\/media?parent=52022"}],"wp:term":[{"taxonomy":"category","embeddable":true,"href":"https:\/\/radionuble.cl\/v1\/wp-json\/wp\/v2\/categories?post=52022"},{"taxonomy":"post_tag","embeddable":true,"href":"https:\/\/radionuble.cl\/v1\/wp-json\/wp\/v2\/tags?post=52022"}],"curies":[{"name":"wp","href":"https:\/\/api.w.org\/{rel}","templated":true}]}}