{"id":52025,"date":"2026-01-09T13:28:46","date_gmt":"2026-01-09T13:28:46","guid":{"rendered":"https:\/\/radionuble.cl\/v1\/?p=52025"},"modified":"2026-01-09T13:28:46","modified_gmt":"2026-01-09T13:28:46","slug":"hombre-muere-a-balazos-y-asesino-es-detenido-en-el-auto-de-la-victima","status":"publish","type":"post","link":"https:\/\/radionuble.cl\/v1\/2026\/01\/09\/hombre-muere-a-balazos-y-asesino-es-detenido-en-el-auto-de-la-victima\/","title":{"rendered":"Hombre muere a balazos y asesino es detenido en el auto de la v\u00edctima"},"content":{"rendered":"<p data-start=\"341\" data-end=\"636\">Un ciudadano peruano de 29 a\u00f1os muri\u00f3 tras ser baleado en la comuna de <strong data-start=\"412\" data-end=\"425\">Lo Espejo<\/strong>, en la regi\u00f3n Metropolitana. El autor del crimen fue detenido por Carabineros mientras se movilizaba en el <strong data-start=\"533\" data-end=\"579\">veh\u00edculo de propiedad de la propia v\u00edctima<\/strong>, el cual presentaba evidencias de sangre en su interior.<\/p>\n<p data-start=\"638\" data-end=\"894\">El hecho qued\u00f3 al descubierto luego de un llamado de vecinos que alertaron sobre disparos en el sector. A ra\u00edz de esa denuncia, personal policial lleg\u00f3 hasta <strong data-start=\"796\" data-end=\"822\">calle Valenzuela Palma<\/strong>, donde fiscaliz\u00f3 a un conductor que se desplazaba de manera sospechosa.<\/p>\n<p data-start=\"896\" data-end=\"1089\">Durante el control, Carabineros constat\u00f3 la presencia de <strong data-start=\"953\" data-end=\"1001\">manchas de sangre en el asiento del copiloto<\/strong>, por lo que el sujeto qued\u00f3 retenido mientras se desarrollaban diligencias adicionales.<\/p>\n<p data-start=\"1091\" data-end=\"1377\">Posteriormente, funcionarios policiales se trasladaron hasta la intersecci\u00f3n de <strong data-start=\"1171\" data-end=\"1206\">Pedro Lira con Valenzuela Palma<\/strong>, donde encontraron a un hombre tendido en la v\u00eda p\u00fablica, con impactos bal\u00edsticos en el torso y la cabeza, sin signos vitales, confirm\u00e1ndose su fallecimiento en el lugar.<\/p>\n<p data-start=\"1379\" data-end=\"1611\">De acuerdo con antecedentes recabados en el sitio del suceso, la v\u00edctima habr\u00eda sido trasladada en el veh\u00edculo por el imputado, quien posteriormente la descendi\u00f3 en ese punto y le dispar\u00f3, abandonando el cuerpo en plena v\u00eda p\u00fablica.<\/p>\n<p data-start=\"1613\" data-end=\"1770\">El autor del homicidio fue detenido y las diligencias quedaron a cargo de la <strong data-start=\"1690\" data-end=\"1729\">Brigada de Homicidios Sur de la PDI<\/strong>, por instrucci\u00f3n del Ministerio P\u00fablico.<\/p>\n<p data-start=\"1772\" data-end=\"2039\">Radio B\u00edo B\u00edo confirm\u00f3 que el autom\u00f3vil en el que se desplazaba el detenido se encontraba inscrito a nombre de la v\u00edctima, por lo que una de las l\u00edneas investigativas apunta a un <strong data-start=\"1951\" data-end=\"1973\">robo con homicidio<\/strong>, sin perjuicio de otras hip\u00f3tesis que contin\u00faan siendo indagadas.<\/p>\n<p data-start=\"2041\" data-end=\"2351\">El fiscal Hern\u00e1n Soto detall\u00f3 que \u201cuna persona arroja desde el auto el cuerpo de la v\u00edctima y, de inmediato, Carabineros inicia la b\u00fasqueda del veh\u00edculo, el que es encontrado a los pocos minutos\u201d, confirmando adem\u00e1s la presencia de sangre al interior del autom\u00f3vil, vinculada directamente con la v\u00edctima fatal.<\/p>\n","protected":false},"excerpt":{"rendered":"<p>Un ciudadano peruano de 29 a\u00f1os muri\u00f3 tras ser baleado en la comuna de Lo Espejo, en la regi\u00f3n Metropolitana. El autor del crimen fue detenido por Carabineros mientras se movilizaba en el veh\u00edculo de propiedad de la propia v\u00edctima, el cual presentaba evidencias de sangre en su interior. El hecho qued\u00f3 al descubierto luego &hellip;<\/p>\n","protected":false},"author":1,"featured_media":48974,"comment_status":"open","ping_status":"open","sticky":false,"template":"","format":"standard","meta":{"footnotes":""},"categories":[26],"tags":[],"class_list":["post-52025","post","type-post","status-publish","format-standard","has-post-thumbnail","hentry","category-pais"],"_links":{"self":[{"href":"https:\/\/radionuble.cl\/v1\/wp-json\/wp\/v2\/posts\/52025","targetHints":{"allow":["GET"]}}],"collection":[{"href":"https:\/\/radionuble.cl\/v1\/wp-json\/wp\/v2\/posts"}],"about":[{"href":"https:\/\/radionuble.cl\/v1\/wp-json\/wp\/v2\/types\/post"}],"author":[{"embeddable":true,"href":"https:\/\/radionuble.cl\/v1\/wp-json\/wp\/v2\/users\/1"}],"replies":[{"embeddable":true,"href":"https:\/\/radionuble.cl\/v1\/wp-json\/wp\/v2\/comments?post=52025"}],"version-history":[{"count":1,"href":"https:\/\/radionuble.cl\/v1\/wp-json\/wp\/v2\/posts\/52025\/revisions"}],"predecessor-version":[{"id":52026,"href":"https:\/\/radionuble.cl\/v1\/wp-json\/wp\/v2\/posts\/52025\/revisions\/52026"}],"wp:featuredmedia":[{"embeddable":true,"href":"https:\/\/radionuble.cl\/v1\/wp-json\/wp\/v2\/media\/48974"}],"wp:attachment":[{"href":"https:\/\/radionuble.cl\/v1\/wp-json\/wp\/v2\/media?parent=52025"}],"wp:term":[{"taxonomy":"category","embeddable":true,"href":"https:\/\/radionuble.cl\/v1\/wp-json\/wp\/v2\/categories?post=52025"},{"taxonomy":"post_tag","embeddable":true,"href":"https:\/\/radionuble.cl\/v1\/wp-json\/wp\/v2\/tags?post=52025"}],"curies":[{"name":"wp","href":"https:\/\/api.w.org\/{rel}","templated":true}]}}