{"id":52115,"date":"2025-12-22T12:44:29","date_gmt":"2025-12-22T12:44:29","guid":{"rendered":"https:\/\/radionuble.cl\/v1\/?p=52115"},"modified":"2026-01-15T12:44:49","modified_gmt":"2026-01-15T12:44:49","slug":"pesar-en-la-musica-nacional-y-el-legado-en-vina-del-mar","status":"publish","type":"post","link":"https:\/\/radionuble.cl\/v1\/2025\/12\/22\/pesar-en-la-musica-nacional-y-el-legado-en-vina-del-mar\/","title":{"rendered":"Pesar en la m\u00fasica nacional y el legado en Vi\u00f1a del Mar"},"content":{"rendered":"<p>Luto en la escena musical chilena. A los 81 a\u00f1os de edad, nos ha dejado Julio Zegers,<br \/>\nuna de las figuras m\u00e1s brillantes del movimiento Canto Nuevo y un nombre que qued\u00f3<br \/>\ngrabado con letras de oro en la historia del Festival Internacional de la Canci\u00f3n de Vi\u00f1a<br \/>\ndel Mar.<br \/>\nLa confirmaci\u00f3n de su deceso lleg\u00f3 desde la Municipalidad de El Monte, comuna que<br \/>\ndespidi\u00f3 con honores a quien no solo fuera un talentoso cantautor, sino tambi\u00e9n un<br \/>\ndestacado arquitecto y publicista. Zegers es recordado por ser uno de los pocos artistas<br \/>\nen alcanzar la gloria m\u00e1xima en la Quinta Vergara en dos ocasiones: primero en 1970 con<br \/>\nla inolvidable &quot;Canci\u00f3n a Magdalena&quot; y, posteriormente, en 1973 con el cl\u00e1sico &quot;Los<br \/>\nPasajeros&quot;.<br \/>\nSu versatilidad creativa lo llev\u00f3 a ser reconocido en el a\u00f1o 2022 por la SCD como &quot;Figura<br \/>\nFundamental de la M\u00fasica Chilena&quot;, consolidando un legado que hoy, a las puertas de lo<br \/>\nque ser\u00e1 la organizaci\u00f3n de las futuras versiones del festival, cobra m\u00e1s relevancia que<br \/>\nnunca como referente de la composici\u00f3n nacional.<br \/>\nEl mundo de la cultura ha reaccionado con profunda emoci\u00f3n. Entre los homenajes<br \/>\ndestaca el del cantautor Manuel Garc\u00eda, quien a trav\u00e9s de versos dedicados a su<br \/>\nmemoria, resalt\u00f3 la figura de Zegers como un &quot;trovador&quot; cuya m\u00fasica seguir\u00e1 navegando<br \/>\npor los r\u00edos de nuestro pa\u00eds.<br \/>\nDesde los estudios de Radio \u00d1uble, rendimos tributo a un hombre que supo unir la<br \/>\nacademia y la m\u00fasica popular, dejando una vara alta para los nuevos compositores que<br \/>\nbusquen conquistar el escenario m\u00e1s importante de Am\u00e9rica en Vi\u00f1a 2026.<\/p>\n","protected":false},"excerpt":{"rendered":"<p>Luto en la escena musical chilena. A los 81 a\u00f1os de edad, nos ha dejado Julio Zegers, una de las figuras m\u00e1s brillantes del movimiento Canto Nuevo y un nombre que qued\u00f3 grabado con letras de oro en la historia del Festival Internacional de la Canci\u00f3n de Vi\u00f1a del Mar. La confirmaci\u00f3n de su deceso &hellip;<\/p>\n","protected":false},"author":1,"featured_media":0,"comment_status":"open","ping_status":"open","sticky":false,"template":"","format":"standard","meta":{"footnotes":""},"categories":[1],"tags":[],"class_list":["post-52115","post","type-post","status-publish","format-standard","hentry","category-uncategorized"],"_links":{"self":[{"href":"https:\/\/radionuble.cl\/v1\/wp-json\/wp\/v2\/posts\/52115","targetHints":{"allow":["GET"]}}],"collection":[{"href":"https:\/\/radionuble.cl\/v1\/wp-json\/wp\/v2\/posts"}],"about":[{"href":"https:\/\/radionuble.cl\/v1\/wp-json\/wp\/v2\/types\/post"}],"author":[{"embeddable":true,"href":"https:\/\/radionuble.cl\/v1\/wp-json\/wp\/v2\/users\/1"}],"replies":[{"embeddable":true,"href":"https:\/\/radionuble.cl\/v1\/wp-json\/wp\/v2\/comments?post=52115"}],"version-history":[{"count":1,"href":"https:\/\/radionuble.cl\/v1\/wp-json\/wp\/v2\/posts\/52115\/revisions"}],"predecessor-version":[{"id":52116,"href":"https:\/\/radionuble.cl\/v1\/wp-json\/wp\/v2\/posts\/52115\/revisions\/52116"}],"wp:attachment":[{"href":"https:\/\/radionuble.cl\/v1\/wp-json\/wp\/v2\/media?parent=52115"}],"wp:term":[{"taxonomy":"category","embeddable":true,"href":"https:\/\/radionuble.cl\/v1\/wp-json\/wp\/v2\/categories?post=52115"},{"taxonomy":"post_tag","embeddable":true,"href":"https:\/\/radionuble.cl\/v1\/wp-json\/wp\/v2\/tags?post=52115"}],"curies":[{"name":"wp","href":"https:\/\/api.w.org\/{rel}","templated":true}]}}