{"id":52117,"date":"2025-12-05T12:46:00","date_gmt":"2025-12-05T12:46:00","guid":{"rendered":"https:\/\/radionuble.cl\/v1\/?p=52117"},"modified":"2026-01-15T12:46:17","modified_gmt":"2026-01-15T12:46:17","slug":"novedades-en-vina-2026","status":"publish","type":"post","link":"https:\/\/radionuble.cl\/v1\/2025\/12\/05\/novedades-en-vina-2026\/","title":{"rendered":"Novedades en Vi\u00f1a 2026"},"content":{"rendered":"<p>\u00a1Atenci\u00f3n, Chill\u00e1n y toda la Regi\u00f3n de \u00d1uble! Aqu\u00ed les presentamos un adelanto exclusivo<br \/>\nde lo que ser\u00e1 el certamen musical m\u00e1s importante del continente.<br \/>\nPara Radio \u00d1uble, les informamos que el Festival de Vi\u00f1a del Mar 2026 no solo promete<br \/>\ngrandes estrellas sobre el escenario, sino tambi\u00e9n una transformaci\u00f3n profunda en la<br \/>\nexperiencia de quienes asistan a la Quinta Vergara. La alcaldesa Macarena Ripamonti ha<br \/>\nconfirmado que esta edici\u00f3n marcar\u00e1 un hito en infraestructura, respondiendo a<br \/>\ndemandas hist\u00f3ricas de los asistentes.<br \/>\nAqu\u00ed te contamos las principales novedades que marcar\u00e1n la pauta en febrero:<br \/>\n\uf0b7 Renovaci\u00f3n total tras d\u00e9cadas: Por primera vez en 24 a\u00f1os, el recinto recibir\u00e1 mejoras<br \/>\nestructurales de alto nivel. Entre lo m\u00e1s destacado \u2014y esperado por el p\u00fablico\u2014 se<br \/>\nencuentra la renovaci\u00f3n completa de los servicios higi\u00e9nicos y la creaci\u00f3n de nuevos<br \/>\nsectores de palcos<br \/>\n\uf0b7 Un festival para todos (Inclusi\u00f3n Real): La accesibilidad universal ser\u00e1 un eje central.<br \/>\nSe triplicar\u00e1 la capacidad para personas en silla de ruedas, pasando de 12 a m\u00e1s de<br \/>\n30 espacios. Estos estar\u00e1n ubicados en zonas privilegiadas, con visibilidad<br \/>\ngarantizada y una tarifa diferenciada para asegurar que el certamen sea<br \/>\nverdaderamente inclusivo.<br \/>\n\uf0b7 Compromiso con el Medio Ambiente: El festival no solo busca brillar bajo los focos,<br \/>\nsino tambi\u00e9n cuidar el entorno. Se est\u00e1 llevando a cabo un proceso de re-arborizaci\u00f3n<br \/>\nen conjunto con la organizaci\u00f3n del evento, lo que ya le ha valido al certamen<br \/>\nreconocimientos nacionales e internacionales como el premio &quot;Eco Huella Chile&quot;.<br \/>\nLa cita est\u00e1 pactada entre el 22 y el 27 de febrero. Desde la Regi\u00f3n de \u00d1uble, nos<br \/>\npreparamos para vivir un Festival de Vi\u00f1a 2026 que promete subir el nivel, priorizando el<br \/>\nbienestar de su gente y la modernizaci\u00f3n de su casa, la Quinta Vergara.<br \/>\nSiga en sinton\u00eda de Radio \u00d1uble, la voz de nuestra regi\u00f3n.<\/p>\n","protected":false},"excerpt":{"rendered":"<p>\u00a1Atenci\u00f3n, Chill\u00e1n y toda la Regi\u00f3n de \u00d1uble! Aqu\u00ed les presentamos un adelanto exclusivo de lo que ser\u00e1 el certamen musical m\u00e1s importante del continente. Para Radio \u00d1uble, les informamos que el Festival de Vi\u00f1a del Mar 2026 no solo promete grandes estrellas sobre el escenario, sino tambi\u00e9n una transformaci\u00f3n profunda en la experiencia de &hellip;<\/p>\n","protected":false},"author":1,"featured_media":0,"comment_status":"open","ping_status":"open","sticky":false,"template":"","format":"standard","meta":{"footnotes":""},"categories":[1],"tags":[],"class_list":["post-52117","post","type-post","status-publish","format-standard","hentry","category-uncategorized"],"_links":{"self":[{"href":"https:\/\/radionuble.cl\/v1\/wp-json\/wp\/v2\/posts\/52117","targetHints":{"allow":["GET"]}}],"collection":[{"href":"https:\/\/radionuble.cl\/v1\/wp-json\/wp\/v2\/posts"}],"about":[{"href":"https:\/\/radionuble.cl\/v1\/wp-json\/wp\/v2\/types\/post"}],"author":[{"embeddable":true,"href":"https:\/\/radionuble.cl\/v1\/wp-json\/wp\/v2\/users\/1"}],"replies":[{"embeddable":true,"href":"https:\/\/radionuble.cl\/v1\/wp-json\/wp\/v2\/comments?post=52117"}],"version-history":[{"count":1,"href":"https:\/\/radionuble.cl\/v1\/wp-json\/wp\/v2\/posts\/52117\/revisions"}],"predecessor-version":[{"id":52118,"href":"https:\/\/radionuble.cl\/v1\/wp-json\/wp\/v2\/posts\/52117\/revisions\/52118"}],"wp:attachment":[{"href":"https:\/\/radionuble.cl\/v1\/wp-json\/wp\/v2\/media?parent=52117"}],"wp:term":[{"taxonomy":"category","embeddable":true,"href":"https:\/\/radionuble.cl\/v1\/wp-json\/wp\/v2\/categories?post=52117"},{"taxonomy":"post_tag","embeddable":true,"href":"https:\/\/radionuble.cl\/v1\/wp-json\/wp\/v2\/tags?post=52117"}],"curies":[{"name":"wp","href":"https:\/\/api.w.org\/{rel}","templated":true}]}}